{"id":49589,"date":"2018-04-30T17:50:01","date_gmt":"2018-04-30T20:50:01","guid":{"rendered":"http:\/\/caririemacao.com\/1\/?p=49589"},"modified":"2018-04-30T17:50:01","modified_gmt":"2018-04-30T20:50:01","slug":"motoqueiro-atropela-pedestre-na-br-412-em-monteiro","status":"publish","type":"post","link":"https:\/\/www.caririemacao.com\/1\/2018\/04\/30\/motoqueiro-atropela-pedestre-na-br-412-em-monteiro\/","title":{"rendered":"Motoqueiro atropela pedestre na BR-412 em Monteiro"},"content":{"rendered":"<p>acidente aconteceu na tarde desta segunda-feira (30), quando o pedestre foi atravessa a rodovia Pr\u00f3ximo a pousada seu tiao, com um \u201cfecho de capim\u201d, o motoqueiro ia em sua m\u00e3o correta e n\u00e3o deu tempo desviar e atingiu o pedestre, os dois ficaram feridos.<\/p>\n<p>A equipe de atendimento m\u00f3vel estar no local fazendo os primeiros socorros com duas ambul\u00e2ncias e a policia militar no local controlando o transito.<\/p>\n<p><a href=\"http:\/\/caririemacao.com\/1\/?attachment_id=49591\" rel=\"attachment wp-att-49591\"><img fetchpriority=\"high\" decoding=\"async\" class=\"aligncenter size-full wp-image-49591\" src=\"http:\/\/caririemacao.com\/1\/wp-content\/uploads\/2018\/04\/002-1.jpg\" alt=\"\" width=\"960\" height=\"720\" srcset=\"https:\/\/www.caririemacao.com\/1\/wp-content\/uploads\/2018\/04\/002-1.jpg 960w, https:\/\/www.caririemacao.com\/1\/wp-content\/uploads\/2018\/04\/002-1-300x225.jpg 300w, https:\/\/www.caririemacao.com\/1\/wp-content\/uploads\/2018\/04\/002-1-768x576.jpg 768w\" sizes=\"(max-width: 960px) 100vw, 960px\" \/><\/a> <a href=\"http:\/\/caririemacao.com\/1\/?attachment_id=49592\" rel=\"attachment wp-att-49592\"><img decoding=\"async\" class=\"aligncenter size-full wp-image-49592 lazyload\" data-src=\"http:\/\/caririemacao.com\/1\/wp-content\/uploads\/2018\/04\/003.jpg\" alt=\"\" width=\"960\" height=\"720\" data-srcset=\"https:\/\/www.caririemacao.com\/1\/wp-content\/uploads\/2018\/04\/003.jpg 960w, https:\/\/www.caririemacao.com\/1\/wp-content\/uploads\/2018\/04\/003-300x225.jpg 300w, https:\/\/www.caririemacao.com\/1\/wp-content\/uploads\/2018\/04\/003-768x576.jpg 768w\" data-sizes=\"(max-width: 960px) 100vw, 960px\" src=\"data:image\/svg+xml;base64,PHN2ZyB3aWR0aD0iMSIgaGVpZ2h0PSIxIiB4bWxucz0iaHR0cDovL3d3dy53My5vcmcvMjAwMC9zdmciPjwvc3ZnPg==\" style=\"--smush-placeholder-width: 960px; --smush-placeholder-aspect-ratio: 960\/720;\" \/><\/a><\/p>\n<p><strong>CARIRI EM A\u00c7\u00c3O<\/strong><\/p>\n<p>Com Hora1PB\/Foto:\u00a0Hora1PB<\/p>\n<p>Leia mais not\u00edcias em\u00a0caririemacao.com, siga nossa p\u00e1gina no\u00a0Facebook,\u00a0Instagram\u00a0e\u00a0Youtube\u00a0e veja nossas mat\u00e9rias, v\u00eddeos e fotos. Voc\u00ea tamb\u00e9m pode enviar informa\u00e7\u00f5es \u00e0 Reda\u00e7\u00e3o do Portal Cariri em A\u00e7\u00e3o pelo WhatsApp (83) 9 9634.5791, (83) 9 9601-1162.<\/p>\n","protected":false},"excerpt":{"rendered":"<p>acidente aconteceu na tarde desta segunda-feira (30), quando o pedestre foi atravessa a rodovia Pr\u00f3ximo a pousada seu tiao, com um \u201cfecho de capim\u201d, o&hellip; <\/p>\n","protected":false},"author":2,"featured_media":49590,"comment_status":"closed","ping_status":"closed","sticky":false,"template":"","format":"standard","meta":{"sfsi_plus_gutenberg_text_before_share":"","sfsi_plus_gutenberg_show_text_before_share":"","sfsi_plus_gutenberg_icon_type":"","sfsi_plus_gutenberg_icon_alignemt":"","sfsi_plus_gutenburg_max_per_row":"","footnotes":""},"categories":[12],"tags":[],"class_list":["post-49589","post","type-post","status-publish","format-standard","has-post-thumbnail","hentry","category-policia"],"_links":{"self":[{"href":"https:\/\/www.caririemacao.com\/1\/wp-json\/wp\/v2\/posts\/49589","targetHints":{"allow":["GET"]}}],"collection":[{"href":"https:\/\/www.caririemacao.com\/1\/wp-json\/wp\/v2\/posts"}],"about":[{"href":"https:\/\/www.caririemacao.com\/1\/wp-json\/wp\/v2\/types\/post"}],"author":[{"embeddable":true,"href":"https:\/\/www.caririemacao.com\/1\/wp-json\/wp\/v2\/users\/2"}],"replies":[{"embeddable":true,"href":"https:\/\/www.caririemacao.com\/1\/wp-json\/wp\/v2\/comments?post=49589"}],"version-history":[{"count":0,"href":"https:\/\/www.caririemacao.com\/1\/wp-json\/wp\/v2\/posts\/49589\/revisions"}],"wp:featuredmedia":[{"embeddable":true,"href":"https:\/\/www.caririemacao.com\/1\/wp-json\/wp\/v2\/media\/49590"}],"wp:attachment":[{"href":"https:\/\/www.caririemacao.com\/1\/wp-json\/wp\/v2\/media?parent=49589"}],"wp:term":[{"taxonomy":"category","embeddable":true,"href":"https:\/\/www.caririemacao.com\/1\/wp-json\/wp\/v2\/categories?post=49589"},{"taxonomy":"post_tag","embeddable":true,"href":"https:\/\/www.caririemacao.com\/1\/wp-json\/wp\/v2\/tags?post=49589"}],"curies":[{"name":"wp","href":"https:\/\/api.w.org\/{rel}","templated":true}]}}