{"id":49632,"date":"2018-04-30T22:48:59","date_gmt":"2018-05-01T01:48:59","guid":{"rendered":"http:\/\/caririemacao.com\/1\/?p=49632"},"modified":"2018-04-30T22:48:59","modified_gmt":"2018-05-01T01:48:59","slug":"revista-veja-revela-delacao-que-complica-deputado-da-pb","status":"publish","type":"post","link":"https:\/\/www.caririemacao.com\/1\/2018\/04\/30\/revista-veja-revela-delacao-que-complica-deputado-da-pb\/","title":{"rendered":"Revista Veja revela dela\u00e7\u00e3o que complica deputado da PB"},"content":{"rendered":"<p>A nova edi\u00e7\u00e3o da revista Veja, que chegou \u00e0s bancas no final de semana, envolve o deputado paraibano Aguinaldo Ribeiro (PP), atual l\u00edder do governo na C\u00e2mara Federal, numa dela\u00e7\u00e3o premiada.<\/p>\n<p>Leia o texto.<\/p>\n<p>O ex-secret\u00e1rio Hudson Braga, do Rio de Janeiro, em sua dela\u00e7\u00e3o, narrou um epis\u00f3dio com o ex-ministro das Cidades Aguinaldo Ribeiro.<\/p>\n<p>Aconteceu em 2014. Era um jantar. Luiz Fernando Pez\u00e3o (governador do RJ) tamb\u00e9m estava presente.<\/p>\n<p>Na ocasi\u00e3o, Ribeiro teria dito que seu sucessor na Esplanada, Gilberto Occhi (atual ministro da Sa\u00fade), era sua indica\u00e7\u00e3o, junto com o senador Ciro Nogueira (PP-PI). Contou vantagem.<\/p>\n<p>E naquele ponto come\u00e7ou a baixaria. Ele teria cobrado o pagamento de propina para libera\u00e7\u00e3o de empr\u00e9stimos no FGTS para obras na Baixada Fluminense.<\/p>\n<p>O cr\u00e9dito seria de 3,5 bilh\u00f5es de reais. O equivalente, por fora, seria 15% desse valor. Ap\u00f3s negociarem, Ribeiro teria aceitado 0,5% do montante como sua parte devida.<\/p>\n<p><strong>CARIRI EM A\u00c7\u00c3O<\/strong><\/p>\n<p>Com Para\u00edba Online\/Foto:\u00a0Para\u00edba Online<\/p>\n<p>Leia mais not\u00edcias em\u00a0caririemacao.com, siga nossa p\u00e1gina no\u00a0Facebook,\u00a0Instagram\u00a0e\u00a0Youtube\u00a0e veja nossas mat\u00e9rias, v\u00eddeos e fotos. Voc\u00ea tamb\u00e9m pode enviar informa\u00e7\u00f5es \u00e0 Reda\u00e7\u00e3o do Portal Cariri em A\u00e7\u00e3o pelo WhatsApp (83) 9 9634.5791, (83) 9 9601-1162.<\/p>\n","protected":false},"excerpt":{"rendered":"<p>A nova edi\u00e7\u00e3o da revista Veja, que chegou \u00e0s bancas no final de semana, envolve o deputado paraibano Aguinaldo Ribeiro (PP), atual l\u00edder do governo&hellip; <\/p>\n","protected":false},"author":2,"featured_media":49633,"comment_status":"closed","ping_status":"closed","sticky":false,"template":"","format":"standard","meta":{"sfsi_plus_gutenberg_text_before_share":"","sfsi_plus_gutenberg_show_text_before_share":"","sfsi_plus_gutenberg_icon_type":"","sfsi_plus_gutenberg_icon_alignemt":"","sfsi_plus_gutenburg_max_per_row":"","footnotes":""},"categories":[11],"tags":[],"class_list":["post-49632","post","type-post","status-publish","format-standard","has-post-thumbnail","hentry","category-politica"],"_links":{"self":[{"href":"https:\/\/www.caririemacao.com\/1\/wp-json\/wp\/v2\/posts\/49632","targetHints":{"allow":["GET"]}}],"collection":[{"href":"https:\/\/www.caririemacao.com\/1\/wp-json\/wp\/v2\/posts"}],"about":[{"href":"https:\/\/www.caririemacao.com\/1\/wp-json\/wp\/v2\/types\/post"}],"author":[{"embeddable":true,"href":"https:\/\/www.caririemacao.com\/1\/wp-json\/wp\/v2\/users\/2"}],"replies":[{"embeddable":true,"href":"https:\/\/www.caririemacao.com\/1\/wp-json\/wp\/v2\/comments?post=49632"}],"version-history":[{"count":0,"href":"https:\/\/www.caririemacao.com\/1\/wp-json\/wp\/v2\/posts\/49632\/revisions"}],"wp:featuredmedia":[{"embeddable":true,"href":"https:\/\/www.caririemacao.com\/1\/wp-json\/wp\/v2\/media\/49633"}],"wp:attachment":[{"href":"https:\/\/www.caririemacao.com\/1\/wp-json\/wp\/v2\/media?parent=49632"}],"wp:term":[{"taxonomy":"category","embeddable":true,"href":"https:\/\/www.caririemacao.com\/1\/wp-json\/wp\/v2\/categories?post=49632"},{"taxonomy":"post_tag","embeddable":true,"href":"https:\/\/www.caririemacao.com\/1\/wp-json\/wp\/v2\/tags?post=49632"}],"curies":[{"name":"wp","href":"https:\/\/api.w.org\/{rel}","templated":true}]}}