{"id":49635,"date":"2018-04-30T22:51:48","date_gmt":"2018-05-01T01:51:48","guid":{"rendered":"http:\/\/caririemacao.com\/1\/?p=49635"},"modified":"2018-04-30T22:51:48","modified_gmt":"2018-05-01T01:51:48","slug":"camara-de-gurjao-realizou-reuniao-na-ultima-sexta-feira","status":"publish","type":"post","link":"https:\/\/www.caririemacao.com\/1\/2018\/04\/30\/camara-de-gurjao-realizou-reuniao-na-ultima-sexta-feira\/","title":{"rendered":"C\u00e2mara de Gurj\u00e3o realizou reuni\u00e3o na \u00faltima sexta-feira"},"content":{"rendered":"<p>A C\u00e2mara de Vereadores de Gurj\u00e3o realizou mais uma sess\u00e3o ordin\u00e1ria na noite desta sexta-feira, dia 27. A sess\u00e3o presidida pelo vereador Adailsinho Queiroz teve v\u00e1rias proposituras aprovadas.<\/p>\n<p><strong>Confira as proposituras aprovadas:<\/strong><\/p>\n<p>O presidente da C\u00e2mara de Gurj\u00e3o apresentou votos de aplausos aos atores globais, atores coadjuvantes da regi\u00e3o do Cariri Paraibano e produtores da superserie \u201cOnde nascem os fortes\u201d. Adailsinho justificou a propositura falando sobre o empreendimento desenvolvido na regi\u00e3o do Cariri, e principalmente, no munic\u00edpio de Gurj\u00e3o.<\/p>\n<p>Adailsinho apresentou requerimento de voto de aplauso para a cultura de Gurj\u00e3o e parabenizou aos artistas de Gurj\u00e3o e das cidades circunvizinhas pela atua\u00e7\u00e3o na s\u00e9rie gravada pela Globo na regi\u00e3o.<\/p>\n<p><a href=\"http:\/\/caririemacao.com\/1\/?attachment_id=49636\" rel=\"attachment wp-att-49636\"><img fetchpriority=\"high\" decoding=\"async\" class=\"aligncenter size-full wp-image-49636\" src=\"http:\/\/caririemacao.com\/1\/wp-content\/uploads\/2018\/04\/WhatsApp-Image-2018-04-27-at-20.49.06-2.jpeg\" alt=\"\" width=\"1032\" height=\"774\" srcset=\"https:\/\/www.caririemacao.com\/1\/wp-content\/uploads\/2018\/04\/WhatsApp-Image-2018-04-27-at-20.49.06-2.jpeg 1032w, https:\/\/www.caririemacao.com\/1\/wp-content\/uploads\/2018\/04\/WhatsApp-Image-2018-04-27-at-20.49.06-2-300x225.jpeg 300w, https:\/\/www.caririemacao.com\/1\/wp-content\/uploads\/2018\/04\/WhatsApp-Image-2018-04-27-at-20.49.06-2-768x576.jpeg 768w, https:\/\/www.caririemacao.com\/1\/wp-content\/uploads\/2018\/04\/WhatsApp-Image-2018-04-27-at-20.49.06-2-1024x768.jpeg 1024w\" sizes=\"(max-width: 1032px) 100vw, 1032px\" \/><\/a><\/p>\n<p>A vereadora Niselma Martins apresentou votos de profundo pesar pela morte prematura do senhor Ant\u00f4nio Lopes da Silva, falecido no dia 22 de dezembro. Selminha disse que seu Ant\u00f4nio passou toda sua vida na cidade de Gurj\u00e3o. \u201cEle trabalhou como agricultor deixando um legado social, familiar no munic\u00edpio de Gurj\u00e3o.<\/p>\n<p>A vereadora Selminha ainda solicitou a regularidade do transporte escolar respons\u00e1vel pela rota na comunidade do Cipriano. Selminha tamb\u00e9m solicitou ao prefeito Ronaldo que seja constru\u00edda uma passagem molhada na estrada vicinal que passa pela Fazenda Nova Vista, de propriedade dos herdeiros do senhor Raulino Maracaj\u00e1.<\/p>\n<p>A vereadora de Selminha continuou solicitando a constru\u00e7\u00e3o de passagem molhada na estrada Vicinal que passa na propriedade dos herdeiros do senhor Jos\u00e9 Chico (in memorian) ligando a cidade de Gurj\u00e3o a comunidade de Cipriano e ao distrito de Ipueiras, no munic\u00edpio de Juazeirinho.<\/p>\n<p><a href=\"http:\/\/caririemacao.com\/1\/?attachment_id=49639\" rel=\"attachment wp-att-49639\"><img decoding=\"async\" class=\"aligncenter size-full wp-image-49639 lazyload\" data-src=\"http:\/\/caririemacao.com\/1\/wp-content\/uploads\/2018\/04\/WhatsApp-Image-2018-04-27-at-20.49.07-3.jpeg\" alt=\"\" width=\"1032\" height=\"774\" data-srcset=\"https:\/\/www.caririemacao.com\/1\/wp-content\/uploads\/2018\/04\/WhatsApp-Image-2018-04-27-at-20.49.07-3.jpeg 1032w, https:\/\/www.caririemacao.com\/1\/wp-content\/uploads\/2018\/04\/WhatsApp-Image-2018-04-27-at-20.49.07-3-300x225.jpeg 300w, https:\/\/www.caririemacao.com\/1\/wp-content\/uploads\/2018\/04\/WhatsApp-Image-2018-04-27-at-20.49.07-3-768x576.jpeg 768w, https:\/\/www.caririemacao.com\/1\/wp-content\/uploads\/2018\/04\/WhatsApp-Image-2018-04-27-at-20.49.07-3-1024x768.jpeg 1024w\" data-sizes=\"(max-width: 1032px) 100vw, 1032px\" src=\"data:image\/svg+xml;base64,PHN2ZyB3aWR0aD0iMSIgaGVpZ2h0PSIxIiB4bWxucz0iaHR0cDovL3d3dy53My5vcmcvMjAwMC9zdmciPjwvc3ZnPg==\" style=\"--smush-placeholder-width: 1032px; --smush-placeholder-aspect-ratio: 1032\/774;\" \/><\/a><\/p>\n<p>Maria Elizete tamb\u00e9m apresentou votos de profundo agradecimento a m\u00e9dica cubana, Dra. Odalis Rodriguez L\u00f3pez, pela dedica\u00e7\u00e3o e trabalho desenvolvido com a popula\u00e7\u00e3o gurjaense. \u201cA jovem m\u00e9dica cubana chegou ao munic\u00edpio alguns anos provenientes do Programa Mais M\u00e9dico do Governo Federal realizando no munic\u00edpio sua miss\u00e3o desde 2015\u201d. Elizete ressaltou que a m\u00e9dica est\u00e1 retornando para seu pa\u00eds de origem, deixando muita saudade nos cora\u00e7\u00f5es conquistados com seu jeito simples de tratar as pessoas.<\/p>\n<p><a href=\"http:\/\/caririemacao.com\/1\/?attachment_id=49641\" rel=\"attachment wp-att-49641\"><img decoding=\"async\" class=\"aligncenter size-full wp-image-49641 lazyload\" data-src=\"http:\/\/caririemacao.com\/1\/wp-content\/uploads\/2018\/04\/WhatsApp-Image-2018-04-27-at-20.49.08.jpeg\" alt=\"\" width=\"1032\" height=\"774\" data-srcset=\"https:\/\/www.caririemacao.com\/1\/wp-content\/uploads\/2018\/04\/WhatsApp-Image-2018-04-27-at-20.49.08.jpeg 1032w, https:\/\/www.caririemacao.com\/1\/wp-content\/uploads\/2018\/04\/WhatsApp-Image-2018-04-27-at-20.49.08-300x225.jpeg 300w, https:\/\/www.caririemacao.com\/1\/wp-content\/uploads\/2018\/04\/WhatsApp-Image-2018-04-27-at-20.49.08-768x576.jpeg 768w, https:\/\/www.caririemacao.com\/1\/wp-content\/uploads\/2018\/04\/WhatsApp-Image-2018-04-27-at-20.49.08-1024x768.jpeg 1024w\" data-sizes=\"(max-width: 1032px) 100vw, 1032px\" src=\"data:image\/svg+xml;base64,PHN2ZyB3aWR0aD0iMSIgaGVpZ2h0PSIxIiB4bWxucz0iaHR0cDovL3d3dy53My5vcmcvMjAwMC9zdmciPjwvc3ZnPg==\" style=\"--smush-placeholder-width: 1032px; --smush-placeholder-aspect-ratio: 1032\/774;\" \/><\/a><\/p>\n<p>O vereador Alexsandro Cavalcante solicitou a constru\u00e7\u00e3o uma passagem molhada na comunidade do Estreito por onde passa o rio Soledade.<\/p>\n<p>O vereador Diogo Coutinho tamb\u00e9m solicitou passagem molhada, desta vez, no Rio Gurj\u00e3o que d\u00e1 acesso \u00e0s Comunidades de Riacho dos Reis e Santa Rita, e no rio Soledade que d\u00e1 acesso a comunidade de Riacho dos Reis. Diogo justificou seu pedido dizendo que em per\u00edodos de chuva os alunos das referidas Comunidades ficam impossibilitados de estudar por v\u00e1rios dias, bem como, os demais moradores que sofrem por n\u00e3o ter suas necessidades b\u00e1sicas de alimenta\u00e7\u00e3o e sa\u00fade atendidas.<\/p>\n<p>O vereador Diogo pediu o prefeito Ronaldo que juntamente com a Secretaria de Agricultura do munic\u00edpio analise a possibilidade de disponibiliza\u00e7\u00e3o de \u00e1rea tempor\u00e1ria nas proximidades do A\u00e7ude p\u00fablico municipal com objetivo de implanta\u00e7\u00e3o de campo de Palma forrageira resistente a pragas, especialmente a cochonilha do Carmim.<\/p>\n<p>\u201c\u00c9 do conhecimento de todos que ao longo dos \u00faltimos 4 anos a cochonilha do Carmim vem dizimando os Palmares dessa regi\u00e3o do Cariri. \u00c9 sabido que a Palma \u00e9 uma das culturas mais resistentes \u00e0 seca e muito utilizada por nossos Produtores Rurais na alimenta\u00e7\u00e3o dos rebanhos de bovinos, caprinos e ovinos. \u201cA disponibilidade de uma \u00e1rea tempor\u00e1ria e de f\u00e1cil irriga\u00e7\u00e3o e localiza\u00e7\u00e3o para a implanta\u00e7\u00e3o de um campo de Palma resistente a pragas vem de encontro \u00e0s necessidades dos produtores e de toda a economia do munic\u00edpio em per\u00edodos de estiagem\u201d, concluiu.<\/p>\n<p><strong>Na tribuna<\/strong><\/p>\n<p>O presidente falou que se fez presente na 16\u00aa Marcha dos Vereadores realizada pela Uni\u00e3o dos Vereadores do Brasileiros (UVB) em Bras\u00edlia.<\/p>\n<p>Adailsinho ainda agradeceu ao Tribunal de Contas do Estado pela aprova\u00e7\u00e3o por unanimidade e sem ressalva pelas suas contas de 2017, aprovadas por unanimidade, e por arquivamento de den\u00fancias sem proced\u00eancias, julgadas pelo TCE como improcedente.<\/p>\n<p>Ele fez um agradecimento \u00e0 mesa diretora da C\u00e2mara, ao vice-presidente, Cl\u00e1udio Marcelo Farias, e ao 1\u00ba secret\u00e1rio, Robson Cordeiros, a 2\u00aa secret\u00e1ria Maria Elizete e os demais vereadores e todos os funcion\u00e1rios da casa, e ao contador da C\u00e2mara, Joilto Gon\u00e7alves e ao assessor jur\u00eddico Severino Medeiros, pela aprova\u00e7\u00e3o de suas contas.<\/p>\n<p><strong>CARIRI EM A\u00c7\u00c3O<\/strong><\/p>\n<p>Leia mais not\u00edcias em\u00a0caririemacao.com, siga nossa p\u00e1gina no\u00a0Facebook,\u00a0Instagram\u00a0e\u00a0Youtube\u00a0e veja nossas mat\u00e9rias, v\u00eddeos e fotos. Voc\u00ea tamb\u00e9m pode enviar informa\u00e7\u00f5es \u00e0 Reda\u00e7\u00e3o do Portal Cariri em A\u00e7\u00e3o pelo WhatsApp (83) 9 9634.5791, (83) 9 9601-1162.<\/p>\n","protected":false},"excerpt":{"rendered":"<p>A C\u00e2mara de Vereadores de Gurj\u00e3o realizou mais uma sess\u00e3o ordin\u00e1ria na noite desta sexta-feira, dia 27. A sess\u00e3o presidida pelo vereador Adailsinho Queiroz teve&hellip; <\/p>\n","protected":false},"author":2,"featured_media":49640,"comment_status":"closed","ping_status":"closed","sticky":false,"template":"","format":"standard","meta":{"sfsi_plus_gutenberg_text_before_share":"","sfsi_plus_gutenberg_show_text_before_share":"","sfsi_plus_gutenberg_icon_type":"","sfsi_plus_gutenberg_icon_alignemt":"","sfsi_plus_gutenburg_max_per_row":"","footnotes":""},"categories":[2],"tags":[],"class_list":["post-49635","post","type-post","status-publish","format-standard","has-post-thumbnail","hentry","category-geral"],"_links":{"self":[{"href":"https:\/\/www.caririemacao.com\/1\/wp-json\/wp\/v2\/posts\/49635","targetHints":{"allow":["GET"]}}],"collection":[{"href":"https:\/\/www.caririemacao.com\/1\/wp-json\/wp\/v2\/posts"}],"about":[{"href":"https:\/\/www.caririemacao.com\/1\/wp-json\/wp\/v2\/types\/post"}],"author":[{"embeddable":true,"href":"https:\/\/www.caririemacao.com\/1\/wp-json\/wp\/v2\/users\/2"}],"replies":[{"embeddable":true,"href":"https:\/\/www.caririemacao.com\/1\/wp-json\/wp\/v2\/comments?post=49635"}],"version-history":[{"count":0,"href":"https:\/\/www.caririemacao.com\/1\/wp-json\/wp\/v2\/posts\/49635\/revisions"}],"wp:featuredmedia":[{"embeddable":true,"href":"https:\/\/www.caririemacao.com\/1\/wp-json\/wp\/v2\/media\/49640"}],"wp:attachment":[{"href":"https:\/\/www.caririemacao.com\/1\/wp-json\/wp\/v2\/media?parent=49635"}],"wp:term":[{"taxonomy":"category","embeddable":true,"href":"https:\/\/www.caririemacao.com\/1\/wp-json\/wp\/v2\/categories?post=49635"},{"taxonomy":"post_tag","embeddable":true,"href":"https:\/\/www.caririemacao.com\/1\/wp-json\/wp\/v2\/tags?post=49635"}],"curies":[{"name":"wp","href":"https:\/\/api.w.org\/{rel}","templated":true}]}}