{"id":49643,"date":"2018-04-30T22:52:02","date_gmt":"2018-05-01T01:52:02","guid":{"rendered":"http:\/\/caririemacao.com\/1\/?p=49643"},"modified":"2018-04-30T22:52:02","modified_gmt":"2018-05-01T01:52:02","slug":"bandidos-roubam-parte-da-carga-de-eletronicos-de-caminhao-na-br-230","status":"publish","type":"post","link":"https:\/\/www.caririemacao.com\/1\/2018\/04\/30\/bandidos-roubam-parte-da-carga-de-eletronicos-de-caminhao-na-br-230\/","title":{"rendered":"Bandidos roubam parte da carga de eletr\u00f4nicos de caminh\u00e3o na BR-230"},"content":{"rendered":"<p>Parte da carga de um caminh\u00e3o que pertence a uma loja de eletrodom\u00e9sticos de Campina Grande, foi roubada neste domingo. O assalto aconteceu no munic\u00edpio de Riach\u00e3o do Bacamarte, no Agreste paraibano.<\/p>\n<p>Os criminosos interceptaram o caminh\u00e3o na BR-230 em um trecho de subida, que obriga o ve\u00edculo a seguir mais devagar. Eles conseguiram entrar no caminh\u00e3o e levar parte dos produtos.<\/p>\n<p>Essa \u00e9 a segunda vez em uma semana que um caminh\u00e3o pertencente \u00e0 mesma loja \u00e9 roubado no mesmo local.<\/p>\n<p><strong>CARIRI EM A\u00c7\u00c3O<\/strong><\/p>\n<p>Com Para\u00edba Online\/Foto:\u00a0<em>Reprodu\u00e7\u00e3o\/TVPB<\/em><\/p>\n<p>Leia mais not\u00edcias em\u00a0caririemacao.com, siga nossa p\u00e1gina no\u00a0Facebook,\u00a0Instagram\u00a0e\u00a0Youtube\u00a0e veja nossas mat\u00e9rias, v\u00eddeos e fotos. Voc\u00ea tamb\u00e9m pode enviar informa\u00e7\u00f5es \u00e0 Reda\u00e7\u00e3o do Portal Cariri em A\u00e7\u00e3o pelo WhatsApp (83) 9 9634.5791, (83) 9 9601-1162.<\/p>\n","protected":false},"excerpt":{"rendered":"<p>Parte da carga de um caminh\u00e3o que pertence a uma loja de eletrodom\u00e9sticos de Campina Grande, foi roubada neste domingo. O assalto aconteceu no munic\u00edpio&hellip; <\/p>\n","protected":false},"author":2,"featured_media":49644,"comment_status":"closed","ping_status":"closed","sticky":false,"template":"","format":"standard","meta":{"sfsi_plus_gutenberg_text_before_share":"","sfsi_plus_gutenberg_show_text_before_share":"","sfsi_plus_gutenberg_icon_type":"","sfsi_plus_gutenberg_icon_alignemt":"","sfsi_plus_gutenburg_max_per_row":"","footnotes":""},"categories":[12],"tags":[],"class_list":["post-49643","post","type-post","status-publish","format-standard","has-post-thumbnail","hentry","category-policia"],"_links":{"self":[{"href":"https:\/\/www.caririemacao.com\/1\/wp-json\/wp\/v2\/posts\/49643","targetHints":{"allow":["GET"]}}],"collection":[{"href":"https:\/\/www.caririemacao.com\/1\/wp-json\/wp\/v2\/posts"}],"about":[{"href":"https:\/\/www.caririemacao.com\/1\/wp-json\/wp\/v2\/types\/post"}],"author":[{"embeddable":true,"href":"https:\/\/www.caririemacao.com\/1\/wp-json\/wp\/v2\/users\/2"}],"replies":[{"embeddable":true,"href":"https:\/\/www.caririemacao.com\/1\/wp-json\/wp\/v2\/comments?post=49643"}],"version-history":[{"count":0,"href":"https:\/\/www.caririemacao.com\/1\/wp-json\/wp\/v2\/posts\/49643\/revisions"}],"wp:featuredmedia":[{"embeddable":true,"href":"https:\/\/www.caririemacao.com\/1\/wp-json\/wp\/v2\/media\/49644"}],"wp:attachment":[{"href":"https:\/\/www.caririemacao.com\/1\/wp-json\/wp\/v2\/media?parent=49643"}],"wp:term":[{"taxonomy":"category","embeddable":true,"href":"https:\/\/www.caririemacao.com\/1\/wp-json\/wp\/v2\/categories?post=49643"},{"taxonomy":"post_tag","embeddable":true,"href":"https:\/\/www.caririemacao.com\/1\/wp-json\/wp\/v2\/tags?post=49643"}],"curies":[{"name":"wp","href":"https:\/\/api.w.org\/{rel}","templated":true}]}}