{"id":49647,"date":"2018-04-30T22:54:52","date_gmt":"2018-05-01T01:54:52","guid":{"rendered":"http:\/\/caririemacao.com\/1\/?p=49647"},"modified":"2018-04-30T22:54:52","modified_gmt":"2018-05-01T01:54:52","slug":"detentos-se-preparavam-para-fugir-de-cadeia-publica-na-paraiba","status":"publish","type":"post","link":"https:\/\/www.caririemacao.com\/1\/2018\/04\/30\/detentos-se-preparavam-para-fugir-de-cadeia-publica-na-paraiba\/","title":{"rendered":"Detentos se preparavam para fugir de cadeia p\u00fablica na Para\u00edba"},"content":{"rendered":"<p>Uma tentativa de fuga foi registrada nesta segunda-feira (30) na cadeia p\u00fablica da cidade de Esperan\u00e7a, no Agreste paraibano. Os agentes penitenci\u00e1rios encontraram um buraco na parede de uma das celas, que d\u00e1 acesso ao local onde ficam os apenados do regime semiaberto.<\/p>\n<p>Os agentes perceberam uma movimenta\u00e7\u00e3o estranha durante o banho de sol e resolveram fiscalizar as celas, antes do retorno dos detentos para o local.<\/p>\n<p><a href=\"http:\/\/caririemacao.com\/1\/?attachment_id=49649\" rel=\"attachment wp-att-49649\"><img fetchpriority=\"high\" decoding=\"async\" class=\"aligncenter size-full wp-image-49649\" src=\"http:\/\/caririemacao.com\/1\/wp-content\/uploads\/2018\/04\/cadeia-2-556x417.jpeg\" alt=\"\" width=\"556\" height=\"417\" srcset=\"https:\/\/www.caririemacao.com\/1\/wp-content\/uploads\/2018\/04\/cadeia-2-556x417.jpeg 556w, https:\/\/www.caririemacao.com\/1\/wp-content\/uploads\/2018\/04\/cadeia-2-556x417-300x225.jpeg 300w\" sizes=\"(max-width: 556px) 100vw, 556px\" \/><\/a><\/p>\n<p>Ap\u00f3s a descoberta do buraco, a dire\u00e7\u00e3o da unidade decidiu fazer uma opera\u00e7\u00e3o pente fino. Nesta fiscaliza\u00e7\u00e3o foram apreendidos celulares, espetos artesanais, uma quantidade de droga e outros objetos.<\/p>\n<p>Ainda de acordo com a dire\u00e7\u00e3o, a cadeia est\u00e1 superlotada e tem 98 presos a mais do que a capacidade total, que \u00e9 de 62 detentos.<\/p>\n<p><a href=\"http:\/\/caririemacao.com\/1\/?attachment_id=49650\" rel=\"attachment wp-att-49650\"><img decoding=\"async\" class=\"aligncenter size-full wp-image-49650 lazyload\" data-src=\"http:\/\/caririemacao.com\/1\/wp-content\/uploads\/2018\/04\/cadeia-556x417.jpeg\" alt=\"\" width=\"556\" height=\"417\" data-srcset=\"https:\/\/www.caririemacao.com\/1\/wp-content\/uploads\/2018\/04\/cadeia-556x417.jpeg 556w, https:\/\/www.caririemacao.com\/1\/wp-content\/uploads\/2018\/04\/cadeia-556x417-300x225.jpeg 300w\" data-sizes=\"(max-width: 556px) 100vw, 556px\" src=\"data:image\/svg+xml;base64,PHN2ZyB3aWR0aD0iMSIgaGVpZ2h0PSIxIiB4bWxucz0iaHR0cDovL3d3dy53My5vcmcvMjAwMC9zdmciPjwvc3ZnPg==\" style=\"--smush-placeholder-width: 556px; --smush-placeholder-aspect-ratio: 556\/417;\" \/><\/a><\/p>\n<p><strong>CARIRI EM A\u00c7\u00c3O<\/strong><\/p>\n<p>Com Para\u00edba Online\/Foto:\u00a0<em>Reprodu\u00e7\u00e3o\/TV Itarar\u00e9<\/em><\/p>\n<p>Leia mais not\u00edcias em\u00a0caririemacao.com, siga nossa p\u00e1gina no\u00a0Facebook,\u00a0Instagram\u00a0e\u00a0Youtube\u00a0e veja nossas mat\u00e9rias, v\u00eddeos e fotos. Voc\u00ea tamb\u00e9m pode enviar informa\u00e7\u00f5es \u00e0 Reda\u00e7\u00e3o do Portal Cariri em A\u00e7\u00e3o pelo WhatsApp (83) 9 9634.5791, (83) 9 9601-1162.<\/p>\n","protected":false},"excerpt":{"rendered":"<p>Uma tentativa de fuga foi registrada nesta segunda-feira (30) na cadeia p\u00fablica da cidade de Esperan\u00e7a, no Agreste paraibano. Os agentes penitenci\u00e1rios encontraram um buraco&hellip; <\/p>\n","protected":false},"author":2,"featured_media":49648,"comment_status":"closed","ping_status":"closed","sticky":false,"template":"","format":"standard","meta":{"sfsi_plus_gutenberg_text_before_share":"","sfsi_plus_gutenberg_show_text_before_share":"","sfsi_plus_gutenberg_icon_type":"","sfsi_plus_gutenberg_icon_alignemt":"","sfsi_plus_gutenburg_max_per_row":"","footnotes":""},"categories":[12],"tags":[],"class_list":["post-49647","post","type-post","status-publish","format-standard","has-post-thumbnail","hentry","category-policia"],"_links":{"self":[{"href":"https:\/\/www.caririemacao.com\/1\/wp-json\/wp\/v2\/posts\/49647","targetHints":{"allow":["GET"]}}],"collection":[{"href":"https:\/\/www.caririemacao.com\/1\/wp-json\/wp\/v2\/posts"}],"about":[{"href":"https:\/\/www.caririemacao.com\/1\/wp-json\/wp\/v2\/types\/post"}],"author":[{"embeddable":true,"href":"https:\/\/www.caririemacao.com\/1\/wp-json\/wp\/v2\/users\/2"}],"replies":[{"embeddable":true,"href":"https:\/\/www.caririemacao.com\/1\/wp-json\/wp\/v2\/comments?post=49647"}],"version-history":[{"count":0,"href":"https:\/\/www.caririemacao.com\/1\/wp-json\/wp\/v2\/posts\/49647\/revisions"}],"wp:featuredmedia":[{"embeddable":true,"href":"https:\/\/www.caririemacao.com\/1\/wp-json\/wp\/v2\/media\/49648"}],"wp:attachment":[{"href":"https:\/\/www.caririemacao.com\/1\/wp-json\/wp\/v2\/media?parent=49647"}],"wp:term":[{"taxonomy":"category","embeddable":true,"href":"https:\/\/www.caririemacao.com\/1\/wp-json\/wp\/v2\/categories?post=49647"},{"taxonomy":"post_tag","embeddable":true,"href":"https:\/\/www.caririemacao.com\/1\/wp-json\/wp\/v2\/tags?post=49647"}],"curies":[{"name":"wp","href":"https:\/\/api.w.org\/{rel}","templated":true}]}}