{"id":49793,"date":"2018-05-03T08:30:24","date_gmt":"2018-05-03T11:30:24","guid":{"rendered":"http:\/\/caririemacao.com\/1\/?p=49793"},"modified":"2018-05-03T08:30:24","modified_gmt":"2018-05-03T11:30:24","slug":"prefeita-anna-lorena-anuncia-atracoes-do-sao-joao-de-monteiro-com-muito-forro-no-proximo-dia-11","status":"publish","type":"post","link":"https:\/\/www.caririemacao.com\/1\/2018\/05\/03\/prefeita-anna-lorena-anuncia-atracoes-do-sao-joao-de-monteiro-com-muito-forro-no-proximo-dia-11\/","title":{"rendered":"Prefeita Anna Lorena anuncia atra\u00e7\u00f5es do S\u00e3o Jo\u00e3o de Monteiro com muito forr\u00f3 no pr\u00f3ximo dia 11"},"content":{"rendered":"<p>As atra\u00e7\u00f5es do S\u00e3o Jo\u00e3o de Monteiro \u2013 Uma Festa Cada Vez Melhor, edi\u00e7\u00e3o 2018, ser\u00e1 anunciado na sexta-feira, dia 11 de maio, na Pra\u00e7a Jo\u00e3o Pessoa, a partir das 20 horas, em meio a muito forr\u00f3.<\/p>\n<p>A grande expectativa dos caririzeiros, em especial os monteirenses, e de muitos paraibanos que anualmente prestigiam o evento que s\u00f3 tem aumentado a cada dia e muitas especula\u00e7\u00f5es v\u00eam sendo criadas nas redes sociais com os internautas veiculando as prefer\u00eancias que desejam ter na maior festa junina do Cariri paraibano e uma das maiores da Para\u00edba.<\/p>\n<p>Durante o an\u00fancio das atra\u00e7\u00f5es, a prefeita Anna Lorena tamb\u00e9m divulgar\u00e1 as datas do Festival das Quadrilhas de Rua que s\u00e3o atra\u00e7\u00f5es tradicionais e di\u00e1rias no per\u00edodo junino, contribuindo tamb\u00e9m para o aquecimento da economia do munic\u00edpio.<\/p>\n<p>Uma das grandes revela\u00e7\u00f5es do S\u00e3o Jo\u00e3o de Monteiro na edi\u00e7\u00e3o de 2017 foi o S\u00edtio S\u00e3o Francisco, e este ano a Secretaria de Cultura e Turismo do munic\u00edpio de Monteiro dedicou uma aten\u00e7\u00e3o toda especial, atendendo a uma recomenda\u00e7\u00e3o da prefeita Anna Lorena.<\/p>\n<p>Durante o an\u00fancio da programa\u00e7\u00e3o junina a prefeita Anna Lorena tamb\u00e9m anunciar\u00e1 as medidas de seguran\u00e7a que ser\u00e3o adotadas em parceria com as Pol\u00edcias Militar e Civil, dentre outras a\u00e7\u00f5es que possibilitem uma maior comodidade para o p\u00fablico presente ao evento, inovando cada vez mais o S\u00e3o Jo\u00e3o de Monteiro \u2013 Uma Festa Cada Vez Melhor.<\/p>\n<p>Ainda dentro das comemora\u00e7\u00f5es alusivas ao m\u00eas de junho est\u00e3o inclu\u00eddas as festividades de anivers\u00e1rio de emancipa\u00e7\u00e3o pol\u00edtica do munic\u00edpio, quando a prefeita inaugurar\u00e1 obras e anunciar\u00e1 novos investimentos para Monteiro, no dia 28 de junho.<\/p>\n<p>\u201cO lema de nosso governo \u00e9 Uma cidade Cada Vez Melhor, e \u00e9 assim que trabalhamos diariamente por nossos monteirenses. Todos n\u00f3s estamos dedicados a fazer este ano um S\u00e3o Jo\u00e3o ainda melhor que o que fizemos o ano passado. Oferecer atra\u00e7\u00f5es de qualidade e fazer girar a economia, s\u00e3o nossas metas para 2018\u201d, disse a prefeita Anna Lorena.<\/p>\n<p><strong>CARIRI EM A\u00c7\u00c3O<\/strong><\/p>\n<p>Com Vitrine do Cariri<\/p>\n<p>Leia mais not\u00edcias em\u00a0caririemacao.com, siga nossa p\u00e1gina no\u00a0Facebook,\u00a0Instagram\u00a0e\u00a0Youtube\u00a0e veja nossas mat\u00e9rias, v\u00eddeos e fotos. Voc\u00ea tamb\u00e9m pode enviar informa\u00e7\u00f5es \u00e0 Reda\u00e7\u00e3o do Portal Cariri em A\u00e7\u00e3o pelo WhatsApp (83) 9 9634.5791, (83) 9 9601-1162.<\/p>\n","protected":false},"excerpt":{"rendered":"<p>As atra\u00e7\u00f5es do S\u00e3o Jo\u00e3o de Monteiro \u2013 Uma Festa Cada Vez Melhor, edi\u00e7\u00e3o 2018, ser\u00e1 anunciado na sexta-feira, dia 11 de maio, na Pra\u00e7a&hellip; <\/p>\n","protected":false},"author":2,"featured_media":14254,"comment_status":"closed","ping_status":"closed","sticky":false,"template":"","format":"standard","meta":{"sfsi_plus_gutenberg_text_before_share":"","sfsi_plus_gutenberg_show_text_before_share":"","sfsi_plus_gutenberg_icon_type":"","sfsi_plus_gutenberg_icon_alignemt":"","sfsi_plus_gutenburg_max_per_row":"","footnotes":""},"categories":[6],"tags":[],"class_list":["post-49793","post","type-post","status-publish","format-standard","has-post-thumbnail","hentry","category-cidades"],"_links":{"self":[{"href":"https:\/\/www.caririemacao.com\/1\/wp-json\/wp\/v2\/posts\/49793","targetHints":{"allow":["GET"]}}],"collection":[{"href":"https:\/\/www.caririemacao.com\/1\/wp-json\/wp\/v2\/posts"}],"about":[{"href":"https:\/\/www.caririemacao.com\/1\/wp-json\/wp\/v2\/types\/post"}],"author":[{"embeddable":true,"href":"https:\/\/www.caririemacao.com\/1\/wp-json\/wp\/v2\/users\/2"}],"replies":[{"embeddable":true,"href":"https:\/\/www.caririemacao.com\/1\/wp-json\/wp\/v2\/comments?post=49793"}],"version-history":[{"count":0,"href":"https:\/\/www.caririemacao.com\/1\/wp-json\/wp\/v2\/posts\/49793\/revisions"}],"wp:featuredmedia":[{"embeddable":true,"href":"https:\/\/www.caririemacao.com\/1\/wp-json\/wp\/v2\/media\/14254"}],"wp:attachment":[{"href":"https:\/\/www.caririemacao.com\/1\/wp-json\/wp\/v2\/media?parent=49793"}],"wp:term":[{"taxonomy":"category","embeddable":true,"href":"https:\/\/www.caririemacao.com\/1\/wp-json\/wp\/v2\/categories?post=49793"},{"taxonomy":"post_tag","embeddable":true,"href":"https:\/\/www.caririemacao.com\/1\/wp-json\/wp\/v2\/tags?post=49793"}],"curies":[{"name":"wp","href":"https:\/\/api.w.org\/{rel}","templated":true}]}}