{"id":49795,"date":"2018-05-03T08:33:45","date_gmt":"2018-05-03T11:33:45","guid":{"rendered":"http:\/\/caririemacao.com\/1\/?p=49795"},"modified":"2018-05-03T08:33:45","modified_gmt":"2018-05-03T11:33:45","slug":"comerciante-monteirense-sofre-acidente-na-br-412-no-cariri","status":"publish","type":"post","link":"https:\/\/www.caririemacao.com\/1\/2018\/05\/03\/comerciante-monteirense-sofre-acidente-na-br-412-no-cariri\/","title":{"rendered":"Comerciante Monteirense sofre acidente na BR-412 no Cariri"},"content":{"rendered":"<p>O comerciante de nome KARITO do mercadinho, e seu filho estavam vindo de Campina Grande quando sofreu o acidente, Ap\u00f3s perde o controle do veiculo depois que o pneu estourou.<\/p>\n<p>O acidente aconteceu na\u00a0noite desta quarta-feira (02), na BR-412 entre as cidades de Serra Branca e Sum\u00e9, no cariri Paraibano. vitimas s\u00f3 tiveram ferimentos leves.<\/p>\n<p><a href=\"http:\/\/caririemacao.com\/1\/?attachment_id=49798\" rel=\"attachment wp-att-49798\"><img fetchpriority=\"high\" decoding=\"async\" class=\"aligncenter size-full wp-image-49798\" src=\"http:\/\/caririemacao.com\/1\/wp-content\/uploads\/2018\/05\/carito-2.jpg\" alt=\"\" width=\"1158\" height=\"869\" srcset=\"https:\/\/www.caririemacao.com\/1\/wp-content\/uploads\/2018\/05\/carito-2.jpg 1158w, https:\/\/www.caririemacao.com\/1\/wp-content\/uploads\/2018\/05\/carito-2-300x225.jpg 300w, https:\/\/www.caririemacao.com\/1\/wp-content\/uploads\/2018\/05\/carito-2-768x576.jpg 768w, https:\/\/www.caririemacao.com\/1\/wp-content\/uploads\/2018\/05\/carito-2-1024x768.jpg 1024w\" sizes=\"(max-width: 1158px) 100vw, 1158px\" \/><\/a> <a href=\"http:\/\/caririemacao.com\/1\/?attachment_id=49799\" rel=\"attachment wp-att-49799\"><img decoding=\"async\" class=\"aligncenter size-full wp-image-49799 lazyload\" data-src=\"http:\/\/caririemacao.com\/1\/wp-content\/uploads\/2018\/05\/carito-3.jpg\" alt=\"\" width=\"1158\" height=\"869\" data-srcset=\"https:\/\/www.caririemacao.com\/1\/wp-content\/uploads\/2018\/05\/carito-3.jpg 1158w, https:\/\/www.caririemacao.com\/1\/wp-content\/uploads\/2018\/05\/carito-3-300x225.jpg 300w, https:\/\/www.caririemacao.com\/1\/wp-content\/uploads\/2018\/05\/carito-3-768x576.jpg 768w, https:\/\/www.caririemacao.com\/1\/wp-content\/uploads\/2018\/05\/carito-3-1024x768.jpg 1024w\" data-sizes=\"(max-width: 1158px) 100vw, 1158px\" src=\"data:image\/svg+xml;base64,PHN2ZyB3aWR0aD0iMSIgaGVpZ2h0PSIxIiB4bWxucz0iaHR0cDovL3d3dy53My5vcmcvMjAwMC9zdmciPjwvc3ZnPg==\" style=\"--smush-placeholder-width: 1158px; --smush-placeholder-aspect-ratio: 1158\/869;\" \/><\/a><\/p>\n<p><strong>CARIRI EM A\u00c7\u00c3O<\/strong><\/p>\n<p>Com Hora1PB\/Foto:\u00a0Hora1PB<\/p>\n<p>Leia mais not\u00edcias em\u00a0caririemacao.com, siga nossa p\u00e1gina no\u00a0Facebook,\u00a0Instagram\u00a0e\u00a0Youtube\u00a0e veja nossas mat\u00e9rias, v\u00eddeos e fotos. Voc\u00ea tamb\u00e9m pode enviar informa\u00e7\u00f5es \u00e0 Reda\u00e7\u00e3o do Portal Cariri em A\u00e7\u00e3o pelo WhatsApp (83) 9 9634.5791, (83) 9 9601-1162.<\/p>\n","protected":false},"excerpt":{"rendered":"<p>O comerciante de nome KARITO do mercadinho, e seu filho estavam vindo de Campina Grande quando sofreu o acidente, Ap\u00f3s perde o controle do veiculo&hellip; <\/p>\n","protected":false},"author":2,"featured_media":49796,"comment_status":"closed","ping_status":"closed","sticky":false,"template":"","format":"standard","meta":{"sfsi_plus_gutenberg_text_before_share":"","sfsi_plus_gutenberg_show_text_before_share":"","sfsi_plus_gutenberg_icon_type":"","sfsi_plus_gutenberg_icon_alignemt":"","sfsi_plus_gutenburg_max_per_row":"","footnotes":""},"categories":[12],"tags":[],"class_list":["post-49795","post","type-post","status-publish","format-standard","has-post-thumbnail","hentry","category-policia"],"_links":{"self":[{"href":"https:\/\/www.caririemacao.com\/1\/wp-json\/wp\/v2\/posts\/49795","targetHints":{"allow":["GET"]}}],"collection":[{"href":"https:\/\/www.caririemacao.com\/1\/wp-json\/wp\/v2\/posts"}],"about":[{"href":"https:\/\/www.caririemacao.com\/1\/wp-json\/wp\/v2\/types\/post"}],"author":[{"embeddable":true,"href":"https:\/\/www.caririemacao.com\/1\/wp-json\/wp\/v2\/users\/2"}],"replies":[{"embeddable":true,"href":"https:\/\/www.caririemacao.com\/1\/wp-json\/wp\/v2\/comments?post=49795"}],"version-history":[{"count":0,"href":"https:\/\/www.caririemacao.com\/1\/wp-json\/wp\/v2\/posts\/49795\/revisions"}],"wp:featuredmedia":[{"embeddable":true,"href":"https:\/\/www.caririemacao.com\/1\/wp-json\/wp\/v2\/media\/49796"}],"wp:attachment":[{"href":"https:\/\/www.caririemacao.com\/1\/wp-json\/wp\/v2\/media?parent=49795"}],"wp:term":[{"taxonomy":"category","embeddable":true,"href":"https:\/\/www.caririemacao.com\/1\/wp-json\/wp\/v2\/categories?post=49795"},{"taxonomy":"post_tag","embeddable":true,"href":"https:\/\/www.caririemacao.com\/1\/wp-json\/wp\/v2\/tags?post=49795"}],"curies":[{"name":"wp","href":"https:\/\/api.w.org\/{rel}","templated":true}]}}