{"id":49802,"date":"2018-05-03T08:36:42","date_gmt":"2018-05-03T11:36:42","guid":{"rendered":"http:\/\/caririemacao.com\/1\/?p=49802"},"modified":"2018-05-03T08:36:42","modified_gmt":"2018-05-03T11:36:42","slug":"paroquia-de-sao-sebastiao-inicia-o-mes-de-maio-evangelizando-com-maria-porta-a-porta","status":"publish","type":"post","link":"https:\/\/www.caririemacao.com\/1\/2018\/05\/03\/paroquia-de-sao-sebastiao-inicia-o-mes-de-maio-evangelizando-com-maria-porta-a-porta\/","title":{"rendered":"Par\u00f3quia de S\u00e3o Sebasti\u00e3o inicia o m\u00eas de maio Evangelizando com Maria Porta a Porta"},"content":{"rendered":"<p>Nesta quarta-feira 02 de maio de 2018, foi iniciado na Par\u00f3quia de S\u00e3o Sebasti\u00e3o, em S\u00e3o Sebasti\u00e3o do Umbuzeiro, o m\u00eas de maio Evangelizando com Maria Porta a Porta, na ocasi\u00e3o foi recitado o ter\u00e7o comunicando o amor de Maria de porta em porta.<\/p>\n<div class=\"\" data-block=\"true\" data-editor=\"9fs95\" data-offset-key=\"7dg96-0-0\">\n<div class=\"_1mf _1mj\" data-offset-key=\"7dg96-0-0\"><span data-offset-key=\"7dg96-0-0\">O m\u00eas mariano foi iniciado com o sentimento de total respeito e devo\u00e7\u00e3o \u00e0 Nossa Senhora. Todos os dias durante o m\u00eas de maio ser\u00e3o visitadas 55 casas com a recita\u00e7\u00e3o do Ter\u00e7o.<\/span><\/div>\n<\/div>\n<div class=\"\" data-block=\"true\" data-editor=\"9fs95\" data-offset-key=\"6nv15-0-0\">\n<div class=\"_1mf _1mj\" data-offset-key=\"6nv15-0-0\"><span data-offset-key=\"6nv15-0-0\">\u00a0<\/span><\/div>\n<\/div>\n<div class=\"\" data-block=\"true\" data-editor=\"9fs95\" data-offset-key=\"cbv58-0-0\">\n<div class=\"_1mf _1mj\" data-offset-key=\"cbv58-0-0\"><span data-offset-key=\"cbv58-0-0\">Todos da Comunidade est\u00e3o convidados a passar este m\u00eas de profundo respeito e celebra\u00e7\u00e3o em devo\u00e7\u00e3o a m\u00e3e e Senhora enaltecida pela igreja cat\u00f3lica.<\/span><\/div>\n<div data-offset-key=\"cbv58-0-0\">\n<p><strong>CARIRI EM A\u00c7\u00c3O<\/strong><\/p>\n<p>Com Blog do Didi\/Foto:\u00a0Blog do Didi<\/p>\n<p>Leia mais not\u00edcias em\u00a0caririemacao.com, siga nossa p\u00e1gina no\u00a0Facebook,\u00a0Instagram\u00a0e\u00a0Youtube\u00a0e veja nossas mat\u00e9rias, v\u00eddeos e fotos. Voc\u00ea tamb\u00e9m pode enviar informa\u00e7\u00f5es \u00e0 Reda\u00e7\u00e3o do Portal Cariri em A\u00e7\u00e3o pelo WhatsApp (83) 9 9634.5791, (83) 9 9601-1162.<\/p>\n<\/div>\n<\/div>\n","protected":false},"excerpt":{"rendered":"<p>Nesta quarta-feira 02 de maio de 2018, foi iniciado na Par\u00f3quia de S\u00e3o Sebasti\u00e3o, em S\u00e3o Sebasti\u00e3o do Umbuzeiro, o m\u00eas de maio Evangelizando com&hellip; <\/p>\n","protected":false},"author":2,"featured_media":49803,"comment_status":"closed","ping_status":"closed","sticky":false,"template":"","format":"standard","meta":{"sfsi_plus_gutenberg_text_before_share":"","sfsi_plus_gutenberg_show_text_before_share":"","sfsi_plus_gutenberg_icon_type":"","sfsi_plus_gutenberg_icon_alignemt":"","sfsi_plus_gutenburg_max_per_row":"","footnotes":""},"categories":[6],"tags":[],"class_list":["post-49802","post","type-post","status-publish","format-standard","has-post-thumbnail","hentry","category-cidades"],"_links":{"self":[{"href":"https:\/\/www.caririemacao.com\/1\/wp-json\/wp\/v2\/posts\/49802","targetHints":{"allow":["GET"]}}],"collection":[{"href":"https:\/\/www.caririemacao.com\/1\/wp-json\/wp\/v2\/posts"}],"about":[{"href":"https:\/\/www.caririemacao.com\/1\/wp-json\/wp\/v2\/types\/post"}],"author":[{"embeddable":true,"href":"https:\/\/www.caririemacao.com\/1\/wp-json\/wp\/v2\/users\/2"}],"replies":[{"embeddable":true,"href":"https:\/\/www.caririemacao.com\/1\/wp-json\/wp\/v2\/comments?post=49802"}],"version-history":[{"count":0,"href":"https:\/\/www.caririemacao.com\/1\/wp-json\/wp\/v2\/posts\/49802\/revisions"}],"wp:featuredmedia":[{"embeddable":true,"href":"https:\/\/www.caririemacao.com\/1\/wp-json\/wp\/v2\/media\/49803"}],"wp:attachment":[{"href":"https:\/\/www.caririemacao.com\/1\/wp-json\/wp\/v2\/media?parent=49802"}],"wp:term":[{"taxonomy":"category","embeddable":true,"href":"https:\/\/www.caririemacao.com\/1\/wp-json\/wp\/v2\/categories?post=49802"},{"taxonomy":"post_tag","embeddable":true,"href":"https:\/\/www.caririemacao.com\/1\/wp-json\/wp\/v2\/tags?post=49802"}],"curies":[{"name":"wp","href":"https:\/\/api.w.org\/{rel}","templated":true}]}}