{"id":49805,"date":"2018-05-03T08:41:07","date_gmt":"2018-05-03T11:41:07","guid":{"rendered":"http:\/\/caririemacao.com\/1\/?p=49805"},"modified":"2018-05-03T08:41:07","modified_gmt":"2018-05-03T11:41:07","slug":"crianca-manda-audios-para-a-policia-denunciando-o-pai-por-estupro-e-ameaca","status":"publish","type":"post","link":"https:\/\/www.caririemacao.com\/1\/2018\/05\/03\/crianca-manda-audios-para-a-policia-denunciando-o-pai-por-estupro-e-ameaca\/","title":{"rendered":"Crian\u00e7a manda \u00e1udios para a Pol\u00edcia denunciando o pai por estupro e amea\u00e7a"},"content":{"rendered":"<div>Uma crian\u00e7a de apenas 8 anos entrou em contato com a Pol\u00edcia pelo aplicativo Whatsapp,\u00a0nessa ter\u00e7a-feira (1\u00ba\/5), denunciando o pai por um estupro sofrido na noite da segunda-feira (30\/4). Nos \u00e1udios, a menina alertava \u00e0 3\u00aa Companhia de Pol\u00edcia Militar de Bom Conselho, no Agreste do Estado, que o pai havia colocado a m\u00e3e para dormir em outro quarto e pedido para dormir a s\u00f3s com a crian\u00e7a.<\/div>\n<div><\/div>\n<div>Ap\u00f3s receber os \u00e1udios, os policiais foram at\u00e9 a casa da crian\u00e7a averiguar as informa\u00e7\u00f5es. Em casa, a menina contou \u00e0 Pol\u00edcia que o pai havia colocado ela por cima dele e tocado as genitais dela. Quando a menina tentou pedir socorro \u00e0 m\u00e3e, ele tampou sua boca e a amea\u00e7ou.<\/div>\n<div>Perguntada sobre a situa\u00e7\u00e3o, a m\u00e3e da menina\u00a0disse aos policiais que desde, que a menina completou 8 anos, o suspeito vinha tendo um comportamento estranho do marido, colocava a menina em seu colo e a acariciava de maneira estranha. De acordo com ela, n\u00e3o havia tido maiores suspeitas.<\/div>\n<h2>Pris\u00e3o<\/h2>\n<div>O homem de 38 anos foi autuado em flagrante e encaminhado para a cadeia de Salo\u00e1, no Agreste do Estado. Ele vai passar por audi\u00eancia de cust\u00f3dia nesta quinta-feira (2).<\/div>\n<div>A menina vai passar por exames sexol\u00f3gicos e acompanhamento psicol\u00f3gico.<\/div>\n<div><\/div>\n<div>\n<p><strong>CARIRI EM A\u00c7\u00c3O<\/strong><\/p>\n<p>Com Blogdoalbertobarbosa\/Foto: Blogdoalbertobarbosa<\/p>\n<p>Leia mais not\u00edcias em\u00a0caririemacao.com, siga nossa p\u00e1gina no\u00a0Facebook,\u00a0Instagram\u00a0e\u00a0Youtube\u00a0e veja nossas mat\u00e9rias, v\u00eddeos e fotos. Voc\u00ea tamb\u00e9m pode enviar informa\u00e7\u00f5es \u00e0 Reda\u00e7\u00e3o do Portal Cariri em A\u00e7\u00e3o pelo WhatsApp (83) 9 9634.5791, (83) 9 9601-1162.<\/p>\n<\/div>\n","protected":false},"excerpt":{"rendered":"<p>Uma crian\u00e7a de apenas 8 anos entrou em contato com a Pol\u00edcia pelo aplicativo Whatsapp,\u00a0nessa ter\u00e7a-feira (1\u00ba\/5), denunciando o pai por um estupro sofrido na&hellip; <\/p>\n","protected":false},"author":2,"featured_media":49806,"comment_status":"closed","ping_status":"closed","sticky":false,"template":"","format":"standard","meta":{"sfsi_plus_gutenberg_text_before_share":"","sfsi_plus_gutenberg_show_text_before_share":"","sfsi_plus_gutenberg_icon_type":"","sfsi_plus_gutenberg_icon_alignemt":"","sfsi_plus_gutenburg_max_per_row":"","footnotes":""},"categories":[12],"tags":[],"class_list":["post-49805","post","type-post","status-publish","format-standard","has-post-thumbnail","hentry","category-policia"],"_links":{"self":[{"href":"https:\/\/www.caririemacao.com\/1\/wp-json\/wp\/v2\/posts\/49805","targetHints":{"allow":["GET"]}}],"collection":[{"href":"https:\/\/www.caririemacao.com\/1\/wp-json\/wp\/v2\/posts"}],"about":[{"href":"https:\/\/www.caririemacao.com\/1\/wp-json\/wp\/v2\/types\/post"}],"author":[{"embeddable":true,"href":"https:\/\/www.caririemacao.com\/1\/wp-json\/wp\/v2\/users\/2"}],"replies":[{"embeddable":true,"href":"https:\/\/www.caririemacao.com\/1\/wp-json\/wp\/v2\/comments?post=49805"}],"version-history":[{"count":0,"href":"https:\/\/www.caririemacao.com\/1\/wp-json\/wp\/v2\/posts\/49805\/revisions"}],"wp:featuredmedia":[{"embeddable":true,"href":"https:\/\/www.caririemacao.com\/1\/wp-json\/wp\/v2\/media\/49806"}],"wp:attachment":[{"href":"https:\/\/www.caririemacao.com\/1\/wp-json\/wp\/v2\/media?parent=49805"}],"wp:term":[{"taxonomy":"category","embeddable":true,"href":"https:\/\/www.caririemacao.com\/1\/wp-json\/wp\/v2\/categories?post=49805"},{"taxonomy":"post_tag","embeddable":true,"href":"https:\/\/www.caririemacao.com\/1\/wp-json\/wp\/v2\/tags?post=49805"}],"curies":[{"name":"wp","href":"https:\/\/api.w.org\/{rel}","templated":true}]}}