{"id":49811,"date":"2018-05-03T08:46:40","date_gmt":"2018-05-03T11:46:40","guid":{"rendered":"http:\/\/caririemacao.com\/1\/?p=49811"},"modified":"2018-05-03T08:46:40","modified_gmt":"2018-05-03T11:46:40","slug":"chove-em-cidades-secas-e-situacao-de-emergencia-sera-revista","status":"publish","type":"post","link":"https:\/\/www.caririemacao.com\/1\/2018\/05\/03\/chove-em-cidades-secas-e-situacao-de-emergencia-sera-revista\/","title":{"rendered":"Chove em cidades secas e situa\u00e7\u00e3o de emerg\u00eancia ser\u00e1 revista"},"content":{"rendered":"<p>A chegada das chuvas pode retirar a situa\u00e7\u00e3o de emerg\u00eancia decretada em 196 cidades do estado. At\u00e9 o fim do m\u00eas, a Defesa Civil Nacional deve reconhecer ou n\u00e3o o decreto estadual assinado pelo governador Ricardo Coutinho (PSB) e publicado no\u00a0dia 3 de abril.\u00a0O documento leva em considera\u00e7\u00e3o a grave estiagem que atinge grande parte do estado nos \u00faltimos anos e tem validade de 180 dias.<\/p>\n<p>Com o decreto, os gestores ficam dispensados de licita\u00e7\u00f5es, os contratos de aquisi\u00e7\u00e3o de bens e servi\u00e7os necess\u00e1rios \u00e0s atividades de resposta ao desastre, loca\u00e7\u00e3o de m\u00e1quinas e equipamentos, de presta\u00e7\u00e3o de servi\u00e7os e de obras relacionadas com a reabilita\u00e7\u00e3o do cen\u00e1rio do desastre, desde que possam ser conclu\u00eddas no prazo estipulado em lei. Tamb\u00e9m fica autorizado ao Governo do Estado abrir cr\u00e9dito extraordin\u00e1rio para fazer face \u00e0 situa\u00e7\u00e3o existente.<\/p>\n<p>De acordo com o gerente executivo da Defesa Civil Estadual, George Saboia, at\u00e9 bem pouco tempo a Para\u00edba contava com aproximadamente 30 cidades em colapso total no abastecimento na zona urbana. Segundo ele, nesses casos o abastecimento \u00e9 feito pelo Ex\u00e9rcito Brasileiro e pela pr\u00f3pria Defesa Civil, por meio de recursos federais. Na segunda-feira (30), o Ex\u00e9rcito informou \u00e0 TV Correio que a\u00a0opera\u00e7\u00e3o carro-pipa foi suspensa\u00a0em 18 cidades por causa das chuvas.<\/p>\n<p>George explicou que para ter reconhecida a situa\u00e7\u00e3o de emerg\u00eancia, a Defesa Civil faz um levantamento sobre as condi\u00e7\u00f5es h\u00eddricas de cada localidade e submete ao \u00f3rg\u00e3o nacional. De posse das informa\u00e7\u00f5es, a Defesa Civil Nacional reconhece ou n\u00e3o o decreto. \u201cApesar das chuvas, a Para\u00edba possui atualmente cerca de 17% de sua capacidade h\u00eddrica. At\u00e9 o fim do m\u00eas essa an\u00e1lise dever\u00e1 ser feita\u201d, declarou.<\/p>\n<p><strong>CARIRI EM A\u00c7\u00c3O<\/strong><\/p>\n<p>Com Portal Correio\/Foto: Reprodu\u00e7\u00e3o google<\/p>\n<p>Leia mais not\u00edcias em\u00a0caririemacao.com, siga nossa p\u00e1gina no\u00a0Facebook,\u00a0Instagram\u00a0e\u00a0Youtube\u00a0e veja nossas mat\u00e9rias, v\u00eddeos e fotos. Voc\u00ea tamb\u00e9m pode enviar informa\u00e7\u00f5es \u00e0 Reda\u00e7\u00e3o do Portal Cariri em A\u00e7\u00e3o pelo WhatsApp (83) 9 9634.5791, (83) 9 9601-1162.<\/p>\n","protected":false},"excerpt":{"rendered":"<p>A chegada das chuvas pode retirar a situa\u00e7\u00e3o de emerg\u00eancia decretada em 196 cidades do estado. At\u00e9 o fim do m\u00eas, a Defesa Civil Nacional&hellip; <\/p>\n","protected":false},"author":2,"featured_media":49812,"comment_status":"closed","ping_status":"closed","sticky":false,"template":"","format":"standard","meta":{"sfsi_plus_gutenberg_text_before_share":"","sfsi_plus_gutenberg_show_text_before_share":"","sfsi_plus_gutenberg_icon_type":"","sfsi_plus_gutenberg_icon_alignemt":"","sfsi_plus_gutenburg_max_per_row":"","footnotes":""},"categories":[2],"tags":[],"class_list":["post-49811","post","type-post","status-publish","format-standard","has-post-thumbnail","hentry","category-geral"],"_links":{"self":[{"href":"https:\/\/www.caririemacao.com\/1\/wp-json\/wp\/v2\/posts\/49811","targetHints":{"allow":["GET"]}}],"collection":[{"href":"https:\/\/www.caririemacao.com\/1\/wp-json\/wp\/v2\/posts"}],"about":[{"href":"https:\/\/www.caririemacao.com\/1\/wp-json\/wp\/v2\/types\/post"}],"author":[{"embeddable":true,"href":"https:\/\/www.caririemacao.com\/1\/wp-json\/wp\/v2\/users\/2"}],"replies":[{"embeddable":true,"href":"https:\/\/www.caririemacao.com\/1\/wp-json\/wp\/v2\/comments?post=49811"}],"version-history":[{"count":0,"href":"https:\/\/www.caririemacao.com\/1\/wp-json\/wp\/v2\/posts\/49811\/revisions"}],"wp:featuredmedia":[{"embeddable":true,"href":"https:\/\/www.caririemacao.com\/1\/wp-json\/wp\/v2\/media\/49812"}],"wp:attachment":[{"href":"https:\/\/www.caririemacao.com\/1\/wp-json\/wp\/v2\/media?parent=49811"}],"wp:term":[{"taxonomy":"category","embeddable":true,"href":"https:\/\/www.caririemacao.com\/1\/wp-json\/wp\/v2\/categories?post=49811"},{"taxonomy":"post_tag","embeddable":true,"href":"https:\/\/www.caririemacao.com\/1\/wp-json\/wp\/v2\/tags?post=49811"}],"curies":[{"name":"wp","href":"https:\/\/api.w.org\/{rel}","templated":true}]}}