{"id":49814,"date":"2018-05-03T08:48:42","date_gmt":"2018-05-03T11:48:42","guid":{"rendered":"http:\/\/caririemacao.com\/1\/?p=49814"},"modified":"2018-05-12T01:23:58","modified_gmt":"2018-05-12T04:23:58","slug":"confira-a-lista-de-politicos-paraibanos-que-poderao-estar-inelegiveis-nas-eleicoes-deste-ano","status":"publish","type":"post","link":"https:\/\/www.caririemacao.com\/1\/2018\/05\/03\/confira-a-lista-de-politicos-paraibanos-que-poderao-estar-inelegiveis-nas-eleicoes-deste-ano\/","title":{"rendered":"Confira a lista de pol\u00edticos paraibanos que poder\u00e3o estar ineleg\u00edveis nas elei\u00e7\u00f5es deste ano"},"content":{"rendered":"<p>oc\u00ea tem\u00a01.236 raz\u00f5es para prestar muita aten\u00e7\u00e3o nos nomes que constam na lista de gestores com contas reprovadas pelo Tribunal de Contas do Estado (TCE). Afinal, muitos deles, com experi\u00eancias reprov\u00e1veis, poder\u00e3o estar nas urnas, nas elei\u00e7\u00f5es deste ano. A rela\u00e7\u00e3o foi entregue pela corte \u00e0\u00a0Procuradoria Regional Eleitoral. Dependendo do tipo da irregularidade e da confirma\u00e7\u00e3o da rejei\u00e7\u00e3o das contas pelas respectivas c\u00e2maras municipais, o Minist\u00e9rio P\u00fablico dever\u00e1 protocolar o pedido de impugna\u00e7\u00e3o do candidato. A\u00a0rela\u00e7\u00e3o dos agentes pol\u00edticos e administradores, estaduais e municipais, com contas reprovadas nos \u00faltimos oito anos, foi entregue pelo presidente do TCE, Andr\u00e9 Carlo Torres, ao procurador regional eleitoral\u00a0Victor Carvalho Veggi.<\/p>\n<p>A rela\u00e7\u00e3o traz algumas p\u00e9rolas. H\u00e1 prefeitos que acumulam 11 contas rejeitadas. Ou seja, muito provavelmente nunca tiveram balancete aprovado pela corte. \u00c9 o caso do ex-prefeito de Mariz\u00f3polis,\u00a0Jos\u00e9 Vieira da Silva. Ele chegou a ser cassado quando estava \u00e0 frente do munic\u00edpio e conseguiu retornar ao cargo.\u00a0Para Veggi, a lista \u00e9 de suma import\u00e2ncia para a atua\u00e7\u00e3o eleitoral porque, a partir das informa\u00e7\u00f5es de contas rejeitadas, \u00e9 poss\u00edvel identificar, por ocasi\u00e3o do registro de candidaturas, eventuais candidatos em situa\u00e7\u00e3o de inelegibilidade, tal como disp\u00f5e a lei da ficha limpa.<\/p>\n","protected":false},"excerpt":{"rendered":"<p>oc\u00ea tem\u00a01.236 raz\u00f5es para prestar muita aten\u00e7\u00e3o nos nomes que constam na lista de gestores com contas reprovadas pelo Tribunal de Contas do Estado (TCE).&hellip; <\/p>\n","protected":false},"author":2,"featured_media":0,"comment_status":"closed","ping_status":"closed","sticky":false,"template":"","format":"standard","meta":{"sfsi_plus_gutenberg_text_before_share":"","sfsi_plus_gutenberg_show_text_before_share":"","sfsi_plus_gutenberg_icon_type":"","sfsi_plus_gutenberg_icon_alignemt":"","sfsi_plus_gutenburg_max_per_row":"","footnotes":""},"categories":[11],"tags":[],"class_list":["post-49814","post","type-post","status-publish","format-standard","hentry","category-politica"],"_links":{"self":[{"href":"https:\/\/www.caririemacao.com\/1\/wp-json\/wp\/v2\/posts\/49814","targetHints":{"allow":["GET"]}}],"collection":[{"href":"https:\/\/www.caririemacao.com\/1\/wp-json\/wp\/v2\/posts"}],"about":[{"href":"https:\/\/www.caririemacao.com\/1\/wp-json\/wp\/v2\/types\/post"}],"author":[{"embeddable":true,"href":"https:\/\/www.caririemacao.com\/1\/wp-json\/wp\/v2\/users\/2"}],"replies":[{"embeddable":true,"href":"https:\/\/www.caririemacao.com\/1\/wp-json\/wp\/v2\/comments?post=49814"}],"version-history":[{"count":0,"href":"https:\/\/www.caririemacao.com\/1\/wp-json\/wp\/v2\/posts\/49814\/revisions"}],"wp:attachment":[{"href":"https:\/\/www.caririemacao.com\/1\/wp-json\/wp\/v2\/media?parent=49814"}],"wp:term":[{"taxonomy":"category","embeddable":true,"href":"https:\/\/www.caririemacao.com\/1\/wp-json\/wp\/v2\/categories?post=49814"},{"taxonomy":"post_tag","embeddable":true,"href":"https:\/\/www.caririemacao.com\/1\/wp-json\/wp\/v2\/tags?post=49814"}],"curies":[{"name":"wp","href":"https:\/\/api.w.org\/{rel}","templated":true}]}}