{"id":49815,"date":"2018-05-03T08:52:42","date_gmt":"2018-05-03T11:52:42","guid":{"rendered":"http:\/\/caririemacao.com\/1\/?p=49815"},"modified":"2018-05-03T09:02:16","modified_gmt":"2018-05-03T12:02:16","slug":"duas-pessoas-morrem-apos-carro-bater-em-caminhao-e-pegar-fogo-em-estrada-da-pb","status":"publish","type":"post","link":"https:\/\/www.caririemacao.com\/1\/2018\/05\/03\/duas-pessoas-morrem-apos-carro-bater-em-caminhao-e-pegar-fogo-em-estrada-da-pb\/","title":{"rendered":"Duas pessoas morrem ap\u00f3s carro bater em caminh\u00e3o e pegar fogo em estrada da PB"},"content":{"rendered":"<p>Duas pessoas morreram e tr\u00eas ficaram feridas ap\u00f3s um carro bater de frente com um caminh\u00e3o na cidade de Sobrado, Agreste da Para\u00edba, na noite de quarta-feira (2).Ap\u00f3s a colis\u00e3o, o carro pegou fogo com os passageiros ainda dentro.<\/p>\n<p>De acordo com a Pol\u00edcia Militar, pessoas que passavam no local conseguiram socorrer um homem e duas mulheres que estavam dentro do caminh\u00e3o, mas os dois homens que ocupavam o ve\u00edculo morreram carbonizados. Uma das v\u00edtimas era agricultor e dono do ve\u00edculo.<\/p>\n<p>Testemunhas contaram para a pol\u00edcia que o carro seguia em dire\u00e7\u00e3o ao munic\u00edpio de Sobrado e o caminh\u00e3o descia em dire\u00e7\u00e3o oposta. No entanto, as pessoas n\u00e3o souberam precisar o que teria causado o acidente.<\/p>\n<p>Um casal que seguia logo atr\u00e1s do caminh\u00e3o viu o acidente e contou que o motorista estava saindo da pista, quando puxou a dire\u00e7\u00e3o para a esquerda e acabou invadindo a outra faixa da rodovia. Eles tentaram ajudar as v\u00edtimas que ainda estavam dentro do carro, mas com o fogo muito forte, n\u00e3o foi poss\u00edvel socorrer os dois homens.<\/p>\n<p><a href=\"http:\/\/caririemacao.com\/1\/?attachment_id=49817\" rel=\"attachment wp-att-49817\"><img fetchpriority=\"high\" decoding=\"async\" class=\"aligncenter size-full wp-image-49817\" src=\"http:\/\/caririemacao.com\/1\/wp-content\/uploads\/2018\/05\/acidente-sobrado-sape-1024x576-1.jpg\" alt=\"\" width=\"1024\" height=\"576\" srcset=\"https:\/\/www.caririemacao.com\/1\/wp-content\/uploads\/2018\/05\/acidente-sobrado-sape-1024x576-1.jpg 1024w, https:\/\/www.caririemacao.com\/1\/wp-content\/uploads\/2018\/05\/acidente-sobrado-sape-1024x576-1-300x169.jpg 300w, https:\/\/www.caririemacao.com\/1\/wp-content\/uploads\/2018\/05\/acidente-sobrado-sape-1024x576-1-768x432.jpg 768w\" sizes=\"(max-width: 1024px) 100vw, 1024px\" \/><\/a><\/p>\n<p><strong>CARIRI EM A\u00c7\u00c3O<\/strong><\/p>\n<p>Com Jornal da Para\u00edba\/Foto:\u00a0Jornal da Para\u00edba<\/p>\n<p>Leia mais not\u00edcias em\u00a0caririemacao.com, siga nossa p\u00e1gina no\u00a0Facebook,\u00a0Instagram\u00a0e\u00a0Youtube\u00a0e veja nossas mat\u00e9rias, v\u00eddeos e fotos. Voc\u00ea tamb\u00e9m pode enviar informa\u00e7\u00f5es \u00e0 Reda\u00e7\u00e3o do Portal Cariri em A\u00e7\u00e3o pelo WhatsApp (83) 9 9634.5791, (83) 9 9601-1162.<\/p>\n","protected":false},"excerpt":{"rendered":"<p>Duas pessoas morreram e tr\u00eas ficaram feridas ap\u00f3s um carro bater de frente com um caminh\u00e3o na cidade de Sobrado, Agreste da Para\u00edba, na noite&hellip; <\/p>\n","protected":false},"author":2,"featured_media":39138,"comment_status":"closed","ping_status":"closed","sticky":false,"template":"","format":"standard","meta":{"sfsi_plus_gutenberg_text_before_share":"","sfsi_plus_gutenberg_show_text_before_share":"","sfsi_plus_gutenberg_icon_type":"","sfsi_plus_gutenberg_icon_alignemt":"","sfsi_plus_gutenburg_max_per_row":"","footnotes":""},"categories":[12],"tags":[],"class_list":["post-49815","post","type-post","status-publish","format-standard","has-post-thumbnail","hentry","category-policia"],"_links":{"self":[{"href":"https:\/\/www.caririemacao.com\/1\/wp-json\/wp\/v2\/posts\/49815","targetHints":{"allow":["GET"]}}],"collection":[{"href":"https:\/\/www.caririemacao.com\/1\/wp-json\/wp\/v2\/posts"}],"about":[{"href":"https:\/\/www.caririemacao.com\/1\/wp-json\/wp\/v2\/types\/post"}],"author":[{"embeddable":true,"href":"https:\/\/www.caririemacao.com\/1\/wp-json\/wp\/v2\/users\/2"}],"replies":[{"embeddable":true,"href":"https:\/\/www.caririemacao.com\/1\/wp-json\/wp\/v2\/comments?post=49815"}],"version-history":[{"count":0,"href":"https:\/\/www.caririemacao.com\/1\/wp-json\/wp\/v2\/posts\/49815\/revisions"}],"wp:featuredmedia":[{"embeddable":true,"href":"https:\/\/www.caririemacao.com\/1\/wp-json\/wp\/v2\/media\/39138"}],"wp:attachment":[{"href":"https:\/\/www.caririemacao.com\/1\/wp-json\/wp\/v2\/media?parent=49815"}],"wp:term":[{"taxonomy":"category","embeddable":true,"href":"https:\/\/www.caririemacao.com\/1\/wp-json\/wp\/v2\/categories?post=49815"},{"taxonomy":"post_tag","embeddable":true,"href":"https:\/\/www.caririemacao.com\/1\/wp-json\/wp\/v2\/tags?post=49815"}],"curies":[{"name":"wp","href":"https:\/\/api.w.org\/{rel}","templated":true}]}}