{"id":49899,"date":"2018-05-03T21:35:57","date_gmt":"2018-05-04T00:35:57","guid":{"rendered":"http:\/\/caririemacao.com\/1\/?p=49899"},"modified":"2018-05-03T21:35:57","modified_gmt":"2018-05-04T00:35:57","slug":"jovem-e-assassinado-a-bala-quando-saia-de-casa","status":"publish","type":"post","link":"https:\/\/www.caririemacao.com\/1\/2018\/05\/03\/jovem-e-assassinado-a-bala-quando-saia-de-casa\/","title":{"rendered":"Jovem \u00e9 assassinado a bala quando saia de casa"},"content":{"rendered":"<p>Um crime de homic\u00eddio foi registrado pela Pol\u00edcia na tarde desta quinta-feira (03), no bairro do Cristo, em Jo\u00e3o Pessoa, capital da Para\u00edba.<\/p>\n<p>Conforme informa\u00e7\u00f5es policiais, o Jovem de 21 anos e nome n\u00e3o revelado, saia de casa no momento que foi abordado por dois elementos que efetuaram v\u00e1rios disparos.<\/p>\n<p>Uma equipe do SAMU foi acionada, mas ao chegar ao local constatou o \u00f3bito, a PM tamb\u00e9m esteve no local e mobilizou v\u00e1rias guarni\u00e7\u00f5es para localizar o paradeiro dos suspeitos.<\/p>\n<p><strong>CARIRI EM A\u00c7\u00c3O<\/strong><\/p>\n<p>Com Rep\u00f3rter PB\/Foto:\u00a0Rep\u00f3rter PB<\/p>\n<p>Leia mais not\u00edcias em\u00a0caririemacao.com, siga nossa p\u00e1gina no\u00a0Facebook,\u00a0Instagram\u00a0e\u00a0Youtube\u00a0e veja nossas mat\u00e9rias, v\u00eddeos e fotos. Voc\u00ea tamb\u00e9m pode enviar informa\u00e7\u00f5es \u00e0 Reda\u00e7\u00e3o do Portal Cariri em A\u00e7\u00e3o pelo WhatsApp (83) 9 9634.5791, (83) 9 9601-1162.<\/p>\n","protected":false},"excerpt":{"rendered":"<p>Um crime de homic\u00eddio foi registrado pela Pol\u00edcia na tarde desta quinta-feira (03), no bairro do Cristo, em Jo\u00e3o Pessoa, capital da Para\u00edba. Conforme informa\u00e7\u00f5es&hellip; <\/p>\n","protected":false},"author":2,"featured_media":49900,"comment_status":"closed","ping_status":"closed","sticky":false,"template":"","format":"standard","meta":{"sfsi_plus_gutenberg_text_before_share":"","sfsi_plus_gutenberg_show_text_before_share":"","sfsi_plus_gutenberg_icon_type":"","sfsi_plus_gutenberg_icon_alignemt":"","sfsi_plus_gutenburg_max_per_row":"","footnotes":""},"categories":[12],"tags":[],"class_list":["post-49899","post","type-post","status-publish","format-standard","has-post-thumbnail","hentry","category-policia"],"_links":{"self":[{"href":"https:\/\/www.caririemacao.com\/1\/wp-json\/wp\/v2\/posts\/49899","targetHints":{"allow":["GET"]}}],"collection":[{"href":"https:\/\/www.caririemacao.com\/1\/wp-json\/wp\/v2\/posts"}],"about":[{"href":"https:\/\/www.caririemacao.com\/1\/wp-json\/wp\/v2\/types\/post"}],"author":[{"embeddable":true,"href":"https:\/\/www.caririemacao.com\/1\/wp-json\/wp\/v2\/users\/2"}],"replies":[{"embeddable":true,"href":"https:\/\/www.caririemacao.com\/1\/wp-json\/wp\/v2\/comments?post=49899"}],"version-history":[{"count":0,"href":"https:\/\/www.caririemacao.com\/1\/wp-json\/wp\/v2\/posts\/49899\/revisions"}],"wp:featuredmedia":[{"embeddable":true,"href":"https:\/\/www.caririemacao.com\/1\/wp-json\/wp\/v2\/media\/49900"}],"wp:attachment":[{"href":"https:\/\/www.caririemacao.com\/1\/wp-json\/wp\/v2\/media?parent=49899"}],"wp:term":[{"taxonomy":"category","embeddable":true,"href":"https:\/\/www.caririemacao.com\/1\/wp-json\/wp\/v2\/categories?post=49899"},{"taxonomy":"post_tag","embeddable":true,"href":"https:\/\/www.caririemacao.com\/1\/wp-json\/wp\/v2\/tags?post=49899"}],"curies":[{"name":"wp","href":"https:\/\/api.w.org\/{rel}","templated":true}]}}