{"id":49905,"date":"2018-05-03T21:46:16","date_gmt":"2018-05-04T00:46:16","guid":{"rendered":"http:\/\/caririemacao.com\/1\/?p=49905"},"modified":"2018-05-03T21:46:16","modified_gmt":"2018-05-04T00:46:16","slug":"prefeitura-de-gurjao-realiza-aula-inaugural-de-cursos-do-pronatec","status":"publish","type":"post","link":"https:\/\/www.caririemacao.com\/1\/2018\/05\/03\/prefeitura-de-gurjao-realiza-aula-inaugural-de-cursos-do-pronatec\/","title":{"rendered":"Prefeitura de Gurj\u00e3o realiza aula inaugural de cursos do PRONATEC"},"content":{"rendered":"<p>Tr\u00eas novos cursos do Pronatec foram iniciados nesta ultima quarta(02) em Gurj\u00e3o , cursos esses conquistados pela Prefeitura de Gurj\u00e3o , tiveram a aula inaugural nesta mesma quarta feira (02). As aulas acontecem na Escola municipal Aur\u00e9a Correia de Queir\u00f3s, recebendo os 90 cursistas de assistentes administrativo, operador de telemarketing e organizar de eventos. Voltados para a inser\u00e7\u00e3o no mercado de trabal<span class=\"text_exposed_show\">ho formal, os cursos tamb\u00e9m buscam incentivar o empreendedorismo, possibilitando melhores chances de coloca\u00e7\u00e3o no mercado de trabalho ou at\u00e9 mesmo um reposicionamento com uma nova profiss\u00e3o. A parceria com o Governo Estadual proporciona forma\u00e7\u00e3o para jovens e adultos de forma gratuita, com dura\u00e7\u00e3o de tr\u00eas meses.<\/span><\/p>\n<div class=\"text_exposed_show\">\n<p>A Prefeitura tem buscado ampliar as possibilidades de renda para a popula\u00e7\u00e3o ao proporcionar capacita\u00e7\u00e3o com diversos cursos gratuitos, realizados em parceria. \u201c\u00c9 uma chance muito importante para estas pessoas, na sua maioria jovens, que v\u00e3o aprender muito e ter\u00e3o mais condi\u00e7\u00f5es de trabalho e conhecimento. Conseguimos este conv\u00eanio com o Estado e trouxemos para nossa cidade e nossa miss\u00e3o \u00e9 identificar demandas locais por m\u00e3o de obra, encaminhar os alunos para os cursos e promover a inclus\u00e3o produtiva. Todas estas novas possibilidades s\u00e3o fruto de muito planejamento e trabalho, que temos a satisfa\u00e7\u00e3o em cumprir\u201d, afirmou o Prefeito Ronaldo Queiroz.<\/p>\n<p>Na gest\u00e3o do Prefeito Ronaldo ele que permite \u00e0s pessoas serem protagonistas da sua pr\u00f3pria vida, ascender socialmente, procurar um novo emprego, se reconstruir. Esta \u00e9 a dimens\u00e3o da educa\u00e7\u00e3o na vida das pessoas que n\u00f3s que fazemos a gest\u00e3o amor de cidade pensamos, completou a Secretaria de Educa\u00e7\u00e3o Janne Erika.<\/p>\n<p><strong>CARIRI EM A\u00c7\u00c3O<\/strong><\/p>\n<p>Com Ascom\/Foto: Ascom<\/p>\n<p>Leia mais not\u00edcias em\u00a0caririemacao.com, siga nossa p\u00e1gina no\u00a0Facebook,\u00a0Instagram\u00a0e\u00a0Youtube\u00a0e veja nossas mat\u00e9rias, v\u00eddeos e fotos. Voc\u00ea tamb\u00e9m pode enviar informa\u00e7\u00f5es \u00e0 Reda\u00e7\u00e3o do Portal Cariri em A\u00e7\u00e3o pelo WhatsApp (83) 9 9634.5791, (83) 9 9601-1162.<\/p>\n<\/div>\n","protected":false},"excerpt":{"rendered":"<p>Tr\u00eas novos cursos do Pronatec foram iniciados nesta ultima quarta(02) em Gurj\u00e3o , cursos esses conquistados pela Prefeitura de Gurj\u00e3o , tiveram a aula inaugural&hellip; <\/p>\n","protected":false},"author":2,"featured_media":49906,"comment_status":"closed","ping_status":"closed","sticky":false,"template":"","format":"standard","meta":{"sfsi_plus_gutenberg_text_before_share":"","sfsi_plus_gutenberg_show_text_before_share":"","sfsi_plus_gutenberg_icon_type":"","sfsi_plus_gutenberg_icon_alignemt":"","sfsi_plus_gutenburg_max_per_row":"","footnotes":""},"categories":[6],"tags":[],"class_list":["post-49905","post","type-post","status-publish","format-standard","has-post-thumbnail","hentry","category-cidades"],"_links":{"self":[{"href":"https:\/\/www.caririemacao.com\/1\/wp-json\/wp\/v2\/posts\/49905","targetHints":{"allow":["GET"]}}],"collection":[{"href":"https:\/\/www.caririemacao.com\/1\/wp-json\/wp\/v2\/posts"}],"about":[{"href":"https:\/\/www.caririemacao.com\/1\/wp-json\/wp\/v2\/types\/post"}],"author":[{"embeddable":true,"href":"https:\/\/www.caririemacao.com\/1\/wp-json\/wp\/v2\/users\/2"}],"replies":[{"embeddable":true,"href":"https:\/\/www.caririemacao.com\/1\/wp-json\/wp\/v2\/comments?post=49905"}],"version-history":[{"count":0,"href":"https:\/\/www.caririemacao.com\/1\/wp-json\/wp\/v2\/posts\/49905\/revisions"}],"wp:featuredmedia":[{"embeddable":true,"href":"https:\/\/www.caririemacao.com\/1\/wp-json\/wp\/v2\/media\/49906"}],"wp:attachment":[{"href":"https:\/\/www.caririemacao.com\/1\/wp-json\/wp\/v2\/media?parent=49905"}],"wp:term":[{"taxonomy":"category","embeddable":true,"href":"https:\/\/www.caririemacao.com\/1\/wp-json\/wp\/v2\/categories?post=49905"},{"taxonomy":"post_tag","embeddable":true,"href":"https:\/\/www.caririemacao.com\/1\/wp-json\/wp\/v2\/tags?post=49905"}],"curies":[{"name":"wp","href":"https:\/\/api.w.org\/{rel}","templated":true}]}}