{"id":49912,"date":"2018-05-03T23:31:47","date_gmt":"2018-05-04T02:31:47","guid":{"rendered":"http:\/\/caririemacao.com\/1\/?p=49912"},"modified":"2018-05-03T23:31:47","modified_gmt":"2018-05-04T02:31:47","slug":"caraubas-na-tela-estudantes-contam-historia-do-municipio-em-documentario","status":"publish","type":"post","link":"https:\/\/www.caririemacao.com\/1\/2018\/05\/03\/caraubas-na-tela-estudantes-contam-historia-do-municipio-em-documentario\/","title":{"rendered":"Cara\u00fabas na Tela: Estudantes contam hist\u00f3ria do munic\u00edpio em document\u00e1rio"},"content":{"rendered":"<p>A Secretaria de Educa\u00e7\u00e3o de Cara\u00fabas exibiu na noite desta quinta-feira (03) um document\u00e1rio que conta a hist\u00f3ria de Cara\u00fabas, o curta-metragem foi produzido por professores e alunos da Rede Municipal de Ensino.<\/p>\n<p><a href=\"http:\/\/caririemacao.com\/1\/?attachment_id=49914\" rel=\"attachment wp-att-49914\"><img fetchpriority=\"high\" decoding=\"async\" class=\"aligncenter size-full wp-image-49914\" src=\"http:\/\/caririemacao.com\/1\/wp-content\/uploads\/2018\/05\/Caraubas-1.jpg\" alt=\"\" width=\"800\" height=\"533\" srcset=\"https:\/\/www.caririemacao.com\/1\/wp-content\/uploads\/2018\/05\/Caraubas-1.jpg 800w, https:\/\/www.caririemacao.com\/1\/wp-content\/uploads\/2018\/05\/Caraubas-1-300x200.jpg 300w, https:\/\/www.caririemacao.com\/1\/wp-content\/uploads\/2018\/05\/Caraubas-1-768x512.jpg 768w\" sizes=\"(max-width: 800px) 100vw, 800px\" \/><\/a><\/p>\n<p>A exibi\u00e7\u00e3o aconteceu no clube 5 de Maio, onde na oportunidade estiveram presentes estudantes da rede estadual e municipal de ensino, bem como, populares que vieram para conhecer um pouco mais da hist\u00f3ria do munic\u00edpio de Cara\u00fabas.<\/p>\n<p>A hist\u00f3ria exibida contava desde a instala\u00e7\u00e3o da primeira sesmaria no territ\u00f3rio de Cara\u00fabas at\u00e9 os dias atuais destacando os aspectos hist\u00f3ricos econ\u00f4micos culturais e religiosos caracter\u00edsticas que montam a personalidade do Povo caraubense.<\/p>\n<p>Veja fotos clicando no link abaixo.<\/p>\n<p><a href=\"https:\/\/www.facebook.com\/pg\/CaririEmAcao\/photos\/?ref=page_internal\">Document\u00e1rio sobre a Hist\u00f3ria do Munic\u00edpio de Cara\u00fabas<\/a><\/p>\n<p><strong>CARIRI EM A\u00c7\u00c3O<\/strong><\/p>\n<p><strong>Leia mais not\u00edcias em\u00a0<\/strong><a href=\"http:\/\/www.caririemacao.com\/\"><strong>caririemacao.com<\/strong><\/a><strong>, siga nossa p\u00e1gina no\u00a0<\/strong><a href=\"https:\/\/www.facebook.com\/CaririEmAcao\/?ref=aymt_homepage_panel\"><strong>Facebook<\/strong><\/a>,<strong>\u00a0<\/strong><a href=\"https:\/\/www.instagram.com\/cariri_em_acao\/?hl=pt-br\"><strong>Instagram<\/strong><\/a><strong>\u00a0e <\/strong><a href=\"https:\/\/www.youtube.com\/channel\/UCAptA0jQuYQy8vMhLt2m4qg\"><strong>Youtube<\/strong><\/a><strong>\u00a0e veja nossas mat\u00e9rias, v\u00eddeos e fotos. Voc\u00ea tamb\u00e9m pode enviar informa\u00e7\u00f5es \u00e0 Reda\u00e7\u00e3o do Portal Cariri em A\u00e7\u00e3o pelo WhatsApp (83) 9 9634.5791, (83) 9 9601-1162.<\/strong><\/p>\n","protected":false},"excerpt":{"rendered":"<p>A Secretaria de Educa\u00e7\u00e3o de Cara\u00fabas exibiu na noite desta quinta-feira (03) um document\u00e1rio que conta a hist\u00f3ria de Cara\u00fabas, o curta-metragem foi produzido por&hellip; <\/p>\n","protected":false},"author":2,"featured_media":49913,"comment_status":"closed","ping_status":"closed","sticky":false,"template":"","format":"standard","meta":{"sfsi_plus_gutenberg_text_before_share":"","sfsi_plus_gutenberg_show_text_before_share":"","sfsi_plus_gutenberg_icon_type":"","sfsi_plus_gutenberg_icon_alignemt":"","sfsi_plus_gutenburg_max_per_row":"","footnotes":""},"categories":[6],"tags":[],"class_list":["post-49912","post","type-post","status-publish","format-standard","has-post-thumbnail","hentry","category-cidades"],"_links":{"self":[{"href":"https:\/\/www.caririemacao.com\/1\/wp-json\/wp\/v2\/posts\/49912","targetHints":{"allow":["GET"]}}],"collection":[{"href":"https:\/\/www.caririemacao.com\/1\/wp-json\/wp\/v2\/posts"}],"about":[{"href":"https:\/\/www.caririemacao.com\/1\/wp-json\/wp\/v2\/types\/post"}],"author":[{"embeddable":true,"href":"https:\/\/www.caririemacao.com\/1\/wp-json\/wp\/v2\/users\/2"}],"replies":[{"embeddable":true,"href":"https:\/\/www.caririemacao.com\/1\/wp-json\/wp\/v2\/comments?post=49912"}],"version-history":[{"count":0,"href":"https:\/\/www.caririemacao.com\/1\/wp-json\/wp\/v2\/posts\/49912\/revisions"}],"wp:featuredmedia":[{"embeddable":true,"href":"https:\/\/www.caririemacao.com\/1\/wp-json\/wp\/v2\/media\/49913"}],"wp:attachment":[{"href":"https:\/\/www.caririemacao.com\/1\/wp-json\/wp\/v2\/media?parent=49912"}],"wp:term":[{"taxonomy":"category","embeddable":true,"href":"https:\/\/www.caririemacao.com\/1\/wp-json\/wp\/v2\/categories?post=49912"},{"taxonomy":"post_tag","embeddable":true,"href":"https:\/\/www.caririemacao.com\/1\/wp-json\/wp\/v2\/tags?post=49912"}],"curies":[{"name":"wp","href":"https:\/\/api.w.org\/{rel}","templated":true}]}}