{"id":49920,"date":"2018-05-04T08:42:12","date_gmt":"2018-05-04T11:42:12","guid":{"rendered":"http:\/\/caririemacao.com\/1\/?p=49920"},"modified":"2018-05-04T20:57:21","modified_gmt":"2018-05-04T23:57:21","slug":"caraubas-encerra-programacao-de-21-anos-com-show-em-praca-pubica","status":"publish","type":"post","link":"https:\/\/www.caririemacao.com\/1\/2018\/05\/04\/caraubas-encerra-programacao-de-21-anos-com-show-em-praca-pubica\/","title":{"rendered":"Cara\u00fabas encerra programa\u00e7\u00e3o de 21 anos com show em pra\u00e7a p\u00fabica"},"content":{"rendered":"<p>Cara\u00fabas est\u00e1 realizando desde o dia (01) uma vasta programa\u00e7\u00e3o para festejar os 21 anos de Emancipa\u00e7\u00e3o Pol\u00edtica e para fechar com chave de ouro a Prefeitura realiza na noite deste s\u00e1bado (05) uma festa em Pra\u00e7a P\u00fabica.<\/p>\n<p>Os shows come\u00e7am \u00e0s 20h, com Gil Camargo, Boy Vaqueiro e a Banda Forr\u00f3 Gente Boa.<\/p>\n<p><strong>CARIRI EM A\u00c7\u00c3O<\/strong><\/p>\n<p><strong>Leia mais not\u00edcias em\u00a0<\/strong><a href=\"http:\/\/www.caririemacao.com\/\"><strong>caririemacao.com<\/strong><\/a><strong>, siga nossa p\u00e1gina no\u00a0<\/strong><a href=\"https:\/\/www.facebook.com\/CaririEmAcao\/?ref=aymt_homepage_panel\"><strong>Facebook<\/strong><\/a><strong>,\u00a0<\/strong><a href=\"https:\/\/www.instagram.com\/cariri_em_acao\/?hl=pt-br\"><strong>Instagram<\/strong><\/a><strong>\u00a0e\u00a0<\/strong><a href=\"https:\/\/www.youtube.com\/channel\/UCAptA0jQuYQy8vMhLt2m4qg\"><strong>Youtube<\/strong><\/a><strong>\u00a0e veja nossas mat\u00e9rias, v\u00eddeos e fotos. Voc\u00ea tamb\u00e9m pode enviar informa\u00e7\u00f5es \u00e0 Reda\u00e7\u00e3o do Portal Cariri em A\u00e7\u00e3o pelo WhatsApp (83) 9 9634.5791, (83) 9 9601-1162.<\/strong><\/p>\n","protected":false},"excerpt":{"rendered":"<p>Cara\u00fabas est\u00e1 realizando desde o dia (01) uma vasta programa\u00e7\u00e3o para festejar os 21 anos de Emancipa\u00e7\u00e3o Pol\u00edtica e para fechar com chave de ouro&hellip; <\/p>\n","protected":false},"author":2,"featured_media":49921,"comment_status":"closed","ping_status":"closed","sticky":false,"template":"","format":"standard","meta":{"sfsi_plus_gutenberg_text_before_share":"","sfsi_plus_gutenberg_show_text_before_share":"","sfsi_plus_gutenberg_icon_type":"","sfsi_plus_gutenberg_icon_alignemt":"","sfsi_plus_gutenburg_max_per_row":"","footnotes":""},"categories":[6],"tags":[],"class_list":["post-49920","post","type-post","status-publish","format-standard","has-post-thumbnail","hentry","category-cidades"],"_links":{"self":[{"href":"https:\/\/www.caririemacao.com\/1\/wp-json\/wp\/v2\/posts\/49920","targetHints":{"allow":["GET"]}}],"collection":[{"href":"https:\/\/www.caririemacao.com\/1\/wp-json\/wp\/v2\/posts"}],"about":[{"href":"https:\/\/www.caririemacao.com\/1\/wp-json\/wp\/v2\/types\/post"}],"author":[{"embeddable":true,"href":"https:\/\/www.caririemacao.com\/1\/wp-json\/wp\/v2\/users\/2"}],"replies":[{"embeddable":true,"href":"https:\/\/www.caririemacao.com\/1\/wp-json\/wp\/v2\/comments?post=49920"}],"version-history":[{"count":0,"href":"https:\/\/www.caririemacao.com\/1\/wp-json\/wp\/v2\/posts\/49920\/revisions"}],"wp:featuredmedia":[{"embeddable":true,"href":"https:\/\/www.caririemacao.com\/1\/wp-json\/wp\/v2\/media\/49921"}],"wp:attachment":[{"href":"https:\/\/www.caririemacao.com\/1\/wp-json\/wp\/v2\/media?parent=49920"}],"wp:term":[{"taxonomy":"category","embeddable":true,"href":"https:\/\/www.caririemacao.com\/1\/wp-json\/wp\/v2\/categories?post=49920"},{"taxonomy":"post_tag","embeddable":true,"href":"https:\/\/www.caririemacao.com\/1\/wp-json\/wp\/v2\/tags?post=49920"}],"curies":[{"name":"wp","href":"https:\/\/api.w.org\/{rel}","templated":true}]}}