{"id":49924,"date":"2018-05-04T12:15:27","date_gmt":"2018-05-04T15:15:27","guid":{"rendered":"http:\/\/caririemacao.com\/1\/?p=49924"},"modified":"2018-05-04T12:15:27","modified_gmt":"2018-05-04T15:15:27","slug":"pet-gestao-publica-do-cdsa-da-cidade-de-sume-seleciona-alunos-veja-o-edital","status":"publish","type":"post","link":"https:\/\/www.caririemacao.com\/1\/2018\/05\/04\/pet-gestao-publica-do-cdsa-da-cidade-de-sume-seleciona-alunos-veja-o-edital\/","title":{"rendered":"PET Gest\u00e3o P\u00fablica do CDSA da cidade de Sum\u00e9 seleciona alunos; veja o edital"},"content":{"rendered":"<article>\n<div class=\"contentPost\">\n<figure>\n<div class=\"cycle-slideshow\" data-cycle-fx=\"scrollHorz\" data-cycle-timeout=\"0\" data-cycle-prev=\".navPrev83374\" data-cycle-next=\".navNext83374\" data-cycle-speed=\"1000\">No per\u00edodo de 14 a 25 de maio estar\u00e3o abertas as inscri\u00e7\u00f5es no processo de sele\u00e7\u00e3o de integrantes para o Grupo PET Gest\u00e3o P\u00fablica do Centro de Desenvolvimento Sustent\u00e1vel do Semi\u00e1rido da UFCG. Poder\u00e3o se inscrever alunos dos cursos de gradua\u00e7\u00e3o em Ci\u00eancias Sociais, Educa\u00e7\u00e3o do Campo e Gest\u00e3o P\u00fablica, do CDSA. S\u00e3o oferecidas tr\u00eas vagas para volunt\u00e1rios.<\/div>\n<\/figure>\n<p>A inscri\u00e7\u00e3o deve ser realizada no Protocolo Setorial do Campus Sum\u00e9 ou na Secretaria da Unidade Acad\u00eamica de Gest\u00e3o P\u00fablica (mediante entrega da documenta\u00e7\u00e3o requerida no edital), nos hor\u00e1rios das 8h \u00e0s 12h e das 16h \u00e0s 20h.<\/p>\n<p>Os candidatos devem atender integralmente aos seguintes requisitos: Estar regularmente matriculado em um dos seguintes cursos de gradua\u00e7\u00e3o: Ci\u00eancias Sociais, Educa\u00e7\u00e3o do Campo e Gest\u00e3o P\u00fablica do CDSA; ter conclu\u00eddo o primeiro per\u00edodo do Curso; apresentar Coeficiente de Rendimento Acad\u00eamico maior ou igual a 6,0; n\u00e3o ser bolsista de qualquer outro programa e; ter disponibilidade para dedicar 20 horas semanais \u00e0s atividades do programa.<\/p>\n<p>Para a inscri\u00e7\u00e3o \u00e9 exigida como documenta\u00e7\u00e3o o Hist\u00f3rico Acad\u00eamico e o Curr\u00edculo Lattes.<\/p>\n<p><strong><a href=\"http:\/\/caririligado.com.br\/wp-content\/uploads\/2018\/05\/Edital-PRE-20-2018-Selecao-Discentes-PET-Gestao-Publica-CDSA.pdf\" target=\"_blank\" rel=\"noopener noreferrer\">Acesse aqui<\/a><\/strong>\u00a0o edital de sele\u00e7\u00e3o do processo.<\/p>\n<p><strong>CARIRI EM A\u00c7\u00c3O<\/strong><\/p>\n<p>Com Cariri Ligado\/Foto: Reprodu\u00e7\u00e3o google<\/p>\n<p>Leia mais not\u00edcias em\u00a0caririemacao.com, siga nossa p\u00e1gina no\u00a0Facebook,\u00a0Instagram\u00a0e\u00a0Youtube\u00a0e veja nossas mat\u00e9rias, v\u00eddeos e fotos. Voc\u00ea tamb\u00e9m pode enviar informa\u00e7\u00f5es \u00e0 Reda\u00e7\u00e3o do Portal Cariri em A\u00e7\u00e3o pelo WhatsApp (83) 9 9634.5791, (83) 9 9601-1162.<\/p>\n<\/div>\n<\/article>\n","protected":false},"excerpt":{"rendered":"<p>No per\u00edodo de 14 a 25 de maio estar\u00e3o abertas as inscri\u00e7\u00f5es no processo de sele\u00e7\u00e3o de integrantes para o Grupo PET Gest\u00e3o P\u00fablica do&hellip; <\/p>\n","protected":false},"author":2,"featured_media":39552,"comment_status":"closed","ping_status":"closed","sticky":false,"template":"","format":"standard","meta":{"sfsi_plus_gutenberg_text_before_share":"","sfsi_plus_gutenberg_show_text_before_share":"","sfsi_plus_gutenberg_icon_type":"","sfsi_plus_gutenberg_icon_alignemt":"","sfsi_plus_gutenburg_max_per_row":"","footnotes":""},"categories":[14],"tags":[],"class_list":["post-49924","post","type-post","status-publish","format-standard","has-post-thumbnail","hentry","category-educacao"],"_links":{"self":[{"href":"https:\/\/www.caririemacao.com\/1\/wp-json\/wp\/v2\/posts\/49924","targetHints":{"allow":["GET"]}}],"collection":[{"href":"https:\/\/www.caririemacao.com\/1\/wp-json\/wp\/v2\/posts"}],"about":[{"href":"https:\/\/www.caririemacao.com\/1\/wp-json\/wp\/v2\/types\/post"}],"author":[{"embeddable":true,"href":"https:\/\/www.caririemacao.com\/1\/wp-json\/wp\/v2\/users\/2"}],"replies":[{"embeddable":true,"href":"https:\/\/www.caririemacao.com\/1\/wp-json\/wp\/v2\/comments?post=49924"}],"version-history":[{"count":0,"href":"https:\/\/www.caririemacao.com\/1\/wp-json\/wp\/v2\/posts\/49924\/revisions"}],"wp:featuredmedia":[{"embeddable":true,"href":"https:\/\/www.caririemacao.com\/1\/wp-json\/wp\/v2\/media\/39552"}],"wp:attachment":[{"href":"https:\/\/www.caririemacao.com\/1\/wp-json\/wp\/v2\/media?parent=49924"}],"wp:term":[{"taxonomy":"category","embeddable":true,"href":"https:\/\/www.caririemacao.com\/1\/wp-json\/wp\/v2\/categories?post=49924"},{"taxonomy":"post_tag","embeddable":true,"href":"https:\/\/www.caririemacao.com\/1\/wp-json\/wp\/v2\/tags?post=49924"}],"curies":[{"name":"wp","href":"https:\/\/api.w.org\/{rel}","templated":true}]}}