{"id":49926,"date":"2018-05-04T12:17:55","date_gmt":"2018-05-04T15:17:55","guid":{"rendered":"http:\/\/caririemacao.com\/1\/?p=49926"},"modified":"2018-05-04T12:17:55","modified_gmt":"2018-05-04T15:17:55","slug":"comerciante-suspeito-de-vender-produtos-vencidos-e-preso-durante-fiscalizacao","status":"publish","type":"post","link":"https:\/\/www.caririemacao.com\/1\/2018\/05\/04\/comerciante-suspeito-de-vender-produtos-vencidos-e-preso-durante-fiscalizacao\/","title":{"rendered":"Comerciante suspeito de vender produtos vencidos \u00e9 preso durante fiscaliza\u00e7\u00e3o"},"content":{"rendered":"<p>Um comerciante suspeito de vender produtos vencidos foi preso durante uma a\u00e7\u00e3o conjunta desencadeada pela Ger\u00eancia de Vigil\u00e2ncia Sanit\u00e1ria (Gevisa) e a Pol\u00edcia Civil em Campina Grande. A\u00a0mercadoria foi encontrada em dois estabelecimentos comerciais pertencentes ao suspeito nos bairros Bodocong\u00f3 e Malvinas. A a\u00e7\u00e3o aconteceu\u00a0na quinta-feira (3) durante uma fiscaliza\u00e7\u00e3o surpresa nos locais depois de uma den\u00fancia.<\/p>\n<p>O comerciante foi preso em flagrante pela Pol\u00edcia Civil. Al\u00e9m da mercadoria vencida encontrada, ele \u00e9 suspeito de adulterar as datas de validade dos produtos. De acordo com o delegado da Pol\u00edcia Civil, Ger\u00f4nimo Barreto, foram apreendidos 1,5 toneladas em produtos, dentre eles,\u00a0itens\u00a0 aliment\u00edcios de biscoitos, achocolatado, farin\u00e1ceos, molhos de tomate, maionese, leite condensado,margarinas, \u00f3leo de cozinha e outros.<\/p>\n<p>O delegado disse que o comerciante vai responder pelos crimes de infra\u00e7\u00e3o sanit\u00e1ria e de irresponsabilidade na administra\u00e7\u00e3o dos estabelecimentos. At\u00e9 \u00e0s 10h desta sexta-feira (4), o comerciante continuava preso na Central de Pol\u00edcia Civil de Campina Grande, aguardando a audi\u00eancia de cust\u00f3dia.<\/p>\n<p><a href=\"http:\/\/caririemacao.com\/1\/?attachment_id=49927\" rel=\"attachment wp-att-49927\"><img fetchpriority=\"high\" decoding=\"async\" class=\"aligncenter size-full wp-image-49927\" src=\"http:\/\/caririemacao.com\/1\/wp-content\/uploads\/2018\/05\/Opera\u00e7\u00e3o-apreens\u00e3o-de-carga-300x169.jpeg\" alt=\"\" width=\"300\" height=\"169\" \/><\/a><\/p>\n<p><strong>CARIRI EM A\u00c7\u00c3O<\/strong><\/p>\n<p>Com Jornal da Para\u00edba\/Foto: Reprodu\u00e7\u00e3o google<\/p>\n<p>Leia mais not\u00edcias em\u00a0caririemacao.com, siga nossa p\u00e1gina no\u00a0Facebook,\u00a0Instagram\u00a0e\u00a0Youtube\u00a0e veja nossas mat\u00e9rias, v\u00eddeos e fotos. Voc\u00ea tamb\u00e9m pode enviar informa\u00e7\u00f5es \u00e0 Reda\u00e7\u00e3o do Portal Cariri em A\u00e7\u00e3o pelo WhatsApp (83) 9 9634.5791, (83) 9 9601-1162.<\/p>\n","protected":false},"excerpt":{"rendered":"<p>Um comerciante suspeito de vender produtos vencidos foi preso durante uma a\u00e7\u00e3o conjunta desencadeada pela Ger\u00eancia de Vigil\u00e2ncia Sanit\u00e1ria (Gevisa) e a Pol\u00edcia Civil em&hellip; <\/p>\n","protected":false},"author":2,"featured_media":39138,"comment_status":"closed","ping_status":"closed","sticky":false,"template":"","format":"standard","meta":{"sfsi_plus_gutenberg_text_before_share":"","sfsi_plus_gutenberg_show_text_before_share":"","sfsi_plus_gutenberg_icon_type":"","sfsi_plus_gutenberg_icon_alignemt":"","sfsi_plus_gutenburg_max_per_row":"","footnotes":""},"categories":[12],"tags":[],"class_list":["post-49926","post","type-post","status-publish","format-standard","has-post-thumbnail","hentry","category-policia"],"_links":{"self":[{"href":"https:\/\/www.caririemacao.com\/1\/wp-json\/wp\/v2\/posts\/49926","targetHints":{"allow":["GET"]}}],"collection":[{"href":"https:\/\/www.caririemacao.com\/1\/wp-json\/wp\/v2\/posts"}],"about":[{"href":"https:\/\/www.caririemacao.com\/1\/wp-json\/wp\/v2\/types\/post"}],"author":[{"embeddable":true,"href":"https:\/\/www.caririemacao.com\/1\/wp-json\/wp\/v2\/users\/2"}],"replies":[{"embeddable":true,"href":"https:\/\/www.caririemacao.com\/1\/wp-json\/wp\/v2\/comments?post=49926"}],"version-history":[{"count":0,"href":"https:\/\/www.caririemacao.com\/1\/wp-json\/wp\/v2\/posts\/49926\/revisions"}],"wp:featuredmedia":[{"embeddable":true,"href":"https:\/\/www.caririemacao.com\/1\/wp-json\/wp\/v2\/media\/39138"}],"wp:attachment":[{"href":"https:\/\/www.caririemacao.com\/1\/wp-json\/wp\/v2\/media?parent=49926"}],"wp:term":[{"taxonomy":"category","embeddable":true,"href":"https:\/\/www.caririemacao.com\/1\/wp-json\/wp\/v2\/categories?post=49926"},{"taxonomy":"post_tag","embeddable":true,"href":"https:\/\/www.caririemacao.com\/1\/wp-json\/wp\/v2\/tags?post=49926"}],"curies":[{"name":"wp","href":"https:\/\/api.w.org\/{rel}","templated":true}]}}