{"id":49932,"date":"2018-05-04T12:24:04","date_gmt":"2018-05-04T15:24:04","guid":{"rendered":"http:\/\/caririemacao.com\/1\/?p=49932"},"modified":"2018-05-12T01:50:28","modified_gmt":"2018-05-12T04:50:28","slug":"corecon-oferece-projeto-de-desenvolvimento-para-a-paraiba","status":"publish","type":"post","link":"https:\/\/www.caririemacao.com\/1\/2018\/05\/04\/corecon-oferece-projeto-de-desenvolvimento-para-a-paraiba\/","title":{"rendered":"CORECON oferece projeto de desenvolvimento para a Para\u00edba"},"content":{"rendered":"<p><em>UM PROJETO PARA A PARA\u00cdBA<\/em><\/p>\n<p><em>R\u00f4mulo Soares Polari<\/em><\/p>\n<p><em>Professor e Ex-Reitor da UFPB<\/em><\/p>\n<p><em>O CORECON\/PB vai oferecer \u00e0 sociedade um Projeto de Desenvolvimento para a Para\u00edba (PDPB\/2019-2022). Trata-se de um conjunto de propostas para debate nas elei\u00e7\u00f5es deste ano, especialmente para o Governo do Estado. O objetivo \u00e9 contribuir na solu\u00e7\u00e3o dos problemas socioecon\u00f4micos dos paraibanos.<\/em><\/p>\n<p><em>O Grupo de Trabalho do PDPB\/2019-2022 conta com especialistas em desenvolvimento econ\u00f4mico e projetos p\u00fablicos. A coordena\u00e7\u00e3o \u00e9 exercida pelo presidente do CORECON\/PB, Carlos Pinto Mangueira, e por mim. O Grupo vem desenvolvendo competentes estudos e discuss\u00f5es sobre o ide\u00e1rio b\u00e1sico do Projeto.<\/em><\/p>\n<p><em>O conte\u00fado do Projeto ser\u00e1 elaborado com grande participa\u00e7\u00e3o social e de \u00f3rg\u00e3os especializados. \u00c9 indispens\u00e1vel contar com a m\u00eddia, dirigentes empresariais, trabalhistas e pol\u00edticos, intelectuais e cientistas. O Grupo de Trabalho est\u00e1 aberto a contribui\u00e7\u00f5es dos economistas e profissionais de todas as \u00e1reas de conhecimento.<\/em><\/p>\n<p><em>O CORECON j\u00e1 realizou a confer\u00eancia O Desenvolvimento da Para\u00edba no Contexto Nacional e Mundial, no dia 12.04.18, no SINDUSCON\/JP, por mim proferida. Pretende apresentar e discutir o tema nos TCE, ALPB, MPF\/MPB, JF\/JPB, CMJP, CMCG, FIEPB, FECOM\u00c9RCIO, FAEPA, FETAG\/CUT e CREA\/CRC\/CRA.<\/em><\/p>\n<p><em>O PDPB\/2019-2022 primar\u00e1 por concep\u00e7\u00f5es, propostas e a\u00e7\u00f5es originais e inovadoras. O ponto de partida \u00e9 o diagn\u00f3stico objetivo da realidade socioecon\u00f4mica estadual. Essa inciativa do CORECON n\u00e3o tem vincula\u00e7\u00e3o ou vi\u00e9s pol\u00edtico-partid\u00e1rio, mas espera que os seus resultados possam servir indistintamente a todos os partidos.\u00a0<\/em><\/p>\n<p><em>N\u00e3o \u00e9 dif\u00edcil ver os grandes problemas da Para\u00edba: a) perda de posi\u00e7\u00e3o de sua economia, da 4<sup>a<\/sup>\u00a0a 6<sup>a<\/sup>\u00a0maior no Nordeste; b) aumento dos desequil\u00edbrios socioecon\u00f4micos entre suas regi\u00f5es e c) insuficientes condi\u00e7\u00f5es de emprego, educa\u00e7\u00e3o, sa\u00fade, seguran\u00e7a, habita\u00e7\u00e3o, saneamento e mobilidade urbana da sua popula\u00e7\u00e3o.<\/em><\/p>\n<p><em>A solu\u00e7\u00e3o n\u00e3o \u00e9 simples. A condi\u00e7\u00e3o necess\u00e1ria e suficiente \u00e9 o crescimento econ\u00f4mico sustent\u00e1vel a altas taxas. Isso requer uma forte reestrutura\u00e7\u00e3o da economia paraibana, com aumento do peso das atividades privadas e dos setores agropecu\u00e1rio, industrial e servi\u00e7os modernos. As pol\u00edticas p\u00fablicas t\u00eam que ter como foco as estrutura produtiva, cadeia tur\u00edstica, infraestrutura e educa\u00e7\u00e3o b\u00e1sica p\u00fablica de qualidade.<\/em><\/p>\n<p><em>As colabora\u00e7\u00f5es de institui\u00e7\u00f5es e profissionais s\u00e3o bem-vindas. O Portal WSCOM, fiel \u00e0 sua luta pelo progresso da Para\u00edba, vai abrigar o andamento do Projeto e seus resultados parciais e finais. Afinal, vamos definir caminhos e a\u00e7\u00f5es para o desenvolvimento do nosso Estado, no contexto nacional e da globaliza\u00e7\u00e3o e sociedade do conhecimento. As parcerias e interlocu\u00e7\u00f5es agregar\u00e3o compet\u00eancia \u00e0s propostas tornando-as mais realistas, exequ\u00edveis e eficazes.\u00a0 \u00a0<\/em><\/p>\n","protected":false},"excerpt":{"rendered":"<p>UM PROJETO PARA A PARA\u00cdBA R\u00f4mulo Soares Polari Professor e Ex-Reitor da UFPB O CORECON\/PB vai oferecer \u00e0 sociedade um Projeto de Desenvolvimento para a&hellip; <\/p>\n","protected":false},"author":2,"featured_media":0,"comment_status":"closed","ping_status":"closed","sticky":false,"template":"","format":"standard","meta":{"sfsi_plus_gutenberg_text_before_share":"","sfsi_plus_gutenberg_show_text_before_share":"","sfsi_plus_gutenberg_icon_type":"","sfsi_plus_gutenberg_icon_alignemt":"","sfsi_plus_gutenburg_max_per_row":"","footnotes":""},"categories":[2],"tags":[],"class_list":["post-49932","post","type-post","status-publish","format-standard","hentry","category-geral"],"_links":{"self":[{"href":"https:\/\/www.caririemacao.com\/1\/wp-json\/wp\/v2\/posts\/49932","targetHints":{"allow":["GET"]}}],"collection":[{"href":"https:\/\/www.caririemacao.com\/1\/wp-json\/wp\/v2\/posts"}],"about":[{"href":"https:\/\/www.caririemacao.com\/1\/wp-json\/wp\/v2\/types\/post"}],"author":[{"embeddable":true,"href":"https:\/\/www.caririemacao.com\/1\/wp-json\/wp\/v2\/users\/2"}],"replies":[{"embeddable":true,"href":"https:\/\/www.caririemacao.com\/1\/wp-json\/wp\/v2\/comments?post=49932"}],"version-history":[{"count":0,"href":"https:\/\/www.caririemacao.com\/1\/wp-json\/wp\/v2\/posts\/49932\/revisions"}],"wp:attachment":[{"href":"https:\/\/www.caririemacao.com\/1\/wp-json\/wp\/v2\/media?parent=49932"}],"wp:term":[{"taxonomy":"category","embeddable":true,"href":"https:\/\/www.caririemacao.com\/1\/wp-json\/wp\/v2\/categories?post=49932"},{"taxonomy":"post_tag","embeddable":true,"href":"https:\/\/www.caririemacao.com\/1\/wp-json\/wp\/v2\/tags?post=49932"}],"curies":[{"name":"wp","href":"https:\/\/api.w.org\/{rel}","templated":true}]}}