{"id":49933,"date":"2018-05-04T12:26:16","date_gmt":"2018-05-04T15:26:16","guid":{"rendered":"http:\/\/caririemacao.com\/1\/?p=49933"},"modified":"2018-05-04T12:26:16","modified_gmt":"2018-05-04T15:26:16","slug":"temer-diz-que-manifestacoes-negativas-nao-o-fariam-desistir-de-reeleicao","status":"publish","type":"post","link":"https:\/\/www.caririemacao.com\/1\/2018\/05\/04\/temer-diz-que-manifestacoes-negativas-nao-o-fariam-desistir-de-reeleicao\/","title":{"rendered":"Temer diz que manifesta\u00e7\u00f5es negativas n\u00e3o o fariam desistir de reelei\u00e7\u00e3o"},"content":{"rendered":"<p>Na primeira entrevista exclusiva aos ve\u00edculos da\u00a0EBC (Empresa Brasil de Comunica\u00e7\u00e3o)\u00a0desde que assumiu o governo, o presidente Michel Temer afirmou que manifesta\u00e7\u00f5es negativas, como a que ocorreu no 1\u00ba de Maio, quando prestou solidariedade \u00e0s v\u00edtimas do inc\u00eandio em S\u00e3o Paulo, n\u00e3o interferem em decis\u00f5es que pretende tomar.<\/p>\n<p>Na ocasi\u00e3o, houve agress\u00f5es verbais contra o presidente. \u201cEu achei que seria falta de autoridade eu n\u00e3o comparecer [ao local onde o pr\u00e9dio desabou]. Lamento, mas tenho de enfrentar\u201d, disse.<\/p>\n<p>Questionado se a rea\u00e7\u00e3o negativa de alguns presentes n\u00e3o afetaria sua inten\u00e7\u00e3o de disputar as elei\u00e7\u00f5es de outubro, o presidente foi claro: \u201cN\u00e3o seria este fato que me faria desistir da reelei\u00e7\u00e3o\u201d.<\/p>\n<p>Temer acrescentou que tem at\u00e9 julho para decidir.<\/p>\n<p><strong>CARIRI EM A\u00c7\u00c3O<\/strong><\/p>\n<p>Com Para\u00edba Online\/Foto:\u00a0<em>Marcos Corr\u00eaa\/ PR<\/em><\/p>\n<p>Leia mais not\u00edcias em\u00a0caririemacao.com, siga nossa p\u00e1gina no\u00a0Facebook,\u00a0Instagram\u00a0e\u00a0Youtube\u00a0e veja nossas mat\u00e9rias, v\u00eddeos e fotos. Voc\u00ea tamb\u00e9m pode enviar informa\u00e7\u00f5es \u00e0 Reda\u00e7\u00e3o do Portal Cariri em A\u00e7\u00e3o pelo WhatsApp (83) 9 9634.5791, (83) 9 9601-1162.<\/p>\n","protected":false},"excerpt":{"rendered":"<p>Na primeira entrevista exclusiva aos ve\u00edculos da\u00a0EBC (Empresa Brasil de Comunica\u00e7\u00e3o)\u00a0desde que assumiu o governo, o presidente Michel Temer afirmou que manifesta\u00e7\u00f5es negativas, como a&hellip; <\/p>\n","protected":false},"author":2,"featured_media":49934,"comment_status":"closed","ping_status":"closed","sticky":false,"template":"","format":"standard","meta":{"sfsi_plus_gutenberg_text_before_share":"","sfsi_plus_gutenberg_show_text_before_share":"","sfsi_plus_gutenberg_icon_type":"","sfsi_plus_gutenberg_icon_alignemt":"","sfsi_plus_gutenburg_max_per_row":"","footnotes":""},"categories":[11],"tags":[],"class_list":["post-49933","post","type-post","status-publish","format-standard","has-post-thumbnail","hentry","category-politica"],"_links":{"self":[{"href":"https:\/\/www.caririemacao.com\/1\/wp-json\/wp\/v2\/posts\/49933","targetHints":{"allow":["GET"]}}],"collection":[{"href":"https:\/\/www.caririemacao.com\/1\/wp-json\/wp\/v2\/posts"}],"about":[{"href":"https:\/\/www.caririemacao.com\/1\/wp-json\/wp\/v2\/types\/post"}],"author":[{"embeddable":true,"href":"https:\/\/www.caririemacao.com\/1\/wp-json\/wp\/v2\/users\/2"}],"replies":[{"embeddable":true,"href":"https:\/\/www.caririemacao.com\/1\/wp-json\/wp\/v2\/comments?post=49933"}],"version-history":[{"count":0,"href":"https:\/\/www.caririemacao.com\/1\/wp-json\/wp\/v2\/posts\/49933\/revisions"}],"wp:featuredmedia":[{"embeddable":true,"href":"https:\/\/www.caririemacao.com\/1\/wp-json\/wp\/v2\/media\/49934"}],"wp:attachment":[{"href":"https:\/\/www.caririemacao.com\/1\/wp-json\/wp\/v2\/media?parent=49933"}],"wp:term":[{"taxonomy":"category","embeddable":true,"href":"https:\/\/www.caririemacao.com\/1\/wp-json\/wp\/v2\/categories?post=49933"},{"taxonomy":"post_tag","embeddable":true,"href":"https:\/\/www.caririemacao.com\/1\/wp-json\/wp\/v2\/tags?post=49933"}],"curies":[{"name":"wp","href":"https:\/\/api.w.org\/{rel}","templated":true}]}}