{"id":49936,"date":"2018-05-04T12:27:24","date_gmt":"2018-05-04T15:27:24","guid":{"rendered":"http:\/\/caririemacao.com\/1\/?p=49936"},"modified":"2018-05-04T12:27:24","modified_gmt":"2018-05-04T15:27:24","slug":"luiz-couto-solicita-a-juiza-que-permita-visita-a-lula-em-curitiba","status":"publish","type":"post","link":"https:\/\/www.caririemacao.com\/1\/2018\/05\/04\/luiz-couto-solicita-a-juiza-que-permita-visita-a-lula-em-curitiba\/","title":{"rendered":"Luiz Couto solicita a ju\u00edza que permita visita a Lula em Curitiba"},"content":{"rendered":"<p>O presidente da Comiss\u00e3o de Direitos Humanos e Minorias da C\u00e2mara dos Deputados (CDHM), deputado Luiz Couto (PT-PB), oficiou \u00e0 ju\u00edza Carolina Moura Lebbos, da 12\u00aa Vara Federal de Curitiba, para que conceda acesso de comitiva do colegiado parlamentar \u00e0s depend\u00eancias da Superintend\u00eancia Regional da Pol\u00edcia Federal, localizada na capital paranaense, com o objetivo de averiguar os riscos \u00e0 integridade f\u00edsica, ps\u00edquica e moral do ex-presidente Luiz In\u00e1cio Lula da Silva. A data prevista para a dilig\u00eancia \u00e9 o dia 8 de maio, ter\u00e7a-feira, \u00e0s 14 horas.<\/p>\n<p>A dilig\u00eancia foi aprovada a partir de dois requerimentos votados pelos parlamentares integrantes da CDHM em 18 de abril, de autoria dos deputados Marcon (PT-RS), vice-presidente da CDHM, e Paul\u00e3o (PT-AL).<\/p>\n<p>A visita pretende verificar as condi\u00e7\u00f5es de seguran\u00e7a da carceragem da Superintend\u00eancia da PF, do tratamento a que o ex-presidente Lula est\u00e1 sendo submetido, observando in loco se os direitos previstos na Lei de Execu\u00e7\u00f5es Penais est\u00e3o sendo atendidos.<\/p>\n<p>\u201cA realiza\u00e7\u00e3o de dilig\u00eancias e expedientes para averigua\u00e7\u00e3o das condi\u00e7\u00f5es do sistema carcer\u00e1rio a partir de den\u00fancias recebidas por esta Comiss\u00e3o ocorre h\u00e1 muitos anos e faz parte das atribui\u00e7\u00f5es deste colegiado. No caso do ex-presidente Lula, temos observado com preocupa\u00e7\u00e3o que direitos assegurados na Lei de Execu\u00e7\u00f5es Penais, como a visita de familiares e amigos e \u00e0 assist\u00eancia m\u00e9dica n\u00e3o est\u00e3o sendo respeitados\u201d, afirmou o deputado Luiz Couto.<\/p>\n<p><strong>CARIRI EM A\u00c7\u00c3O<\/strong><\/p>\n<p>Com Wscom\/Foto: Reprodu\u00e7\u00e3o google<\/p>\n<p>Leia mais not\u00edcias em\u00a0caririemacao.com, siga nossa p\u00e1gina no\u00a0Facebook,\u00a0Instagram\u00a0e\u00a0Youtube\u00a0e veja nossas mat\u00e9rias, v\u00eddeos e fotos. Voc\u00ea tamb\u00e9m pode enviar informa\u00e7\u00f5es \u00e0 Reda\u00e7\u00e3o do Portal Cariri em A\u00e7\u00e3o pelo WhatsApp (83) 9 9634.5791, (83) 9 9601-1162.<\/p>\n","protected":false},"excerpt":{"rendered":"<p>O presidente da Comiss\u00e3o de Direitos Humanos e Minorias da C\u00e2mara dos Deputados (CDHM), deputado Luiz Couto (PT-PB), oficiou \u00e0 ju\u00edza Carolina Moura Lebbos, da&hellip; <\/p>\n","protected":false},"author":2,"featured_media":38054,"comment_status":"closed","ping_status":"closed","sticky":false,"template":"","format":"standard","meta":{"sfsi_plus_gutenberg_text_before_share":"","sfsi_plus_gutenberg_show_text_before_share":"","sfsi_plus_gutenberg_icon_type":"","sfsi_plus_gutenberg_icon_alignemt":"","sfsi_plus_gutenburg_max_per_row":"","footnotes":""},"categories":[11],"tags":[],"class_list":["post-49936","post","type-post","status-publish","format-standard","has-post-thumbnail","hentry","category-politica"],"_links":{"self":[{"href":"https:\/\/www.caririemacao.com\/1\/wp-json\/wp\/v2\/posts\/49936","targetHints":{"allow":["GET"]}}],"collection":[{"href":"https:\/\/www.caririemacao.com\/1\/wp-json\/wp\/v2\/posts"}],"about":[{"href":"https:\/\/www.caririemacao.com\/1\/wp-json\/wp\/v2\/types\/post"}],"author":[{"embeddable":true,"href":"https:\/\/www.caririemacao.com\/1\/wp-json\/wp\/v2\/users\/2"}],"replies":[{"embeddable":true,"href":"https:\/\/www.caririemacao.com\/1\/wp-json\/wp\/v2\/comments?post=49936"}],"version-history":[{"count":0,"href":"https:\/\/www.caririemacao.com\/1\/wp-json\/wp\/v2\/posts\/49936\/revisions"}],"wp:featuredmedia":[{"embeddable":true,"href":"https:\/\/www.caririemacao.com\/1\/wp-json\/wp\/v2\/media\/38054"}],"wp:attachment":[{"href":"https:\/\/www.caririemacao.com\/1\/wp-json\/wp\/v2\/media?parent=49936"}],"wp:term":[{"taxonomy":"category","embeddable":true,"href":"https:\/\/www.caririemacao.com\/1\/wp-json\/wp\/v2\/categories?post=49936"},{"taxonomy":"post_tag","embeddable":true,"href":"https:\/\/www.caririemacao.com\/1\/wp-json\/wp\/v2\/tags?post=49936"}],"curies":[{"name":"wp","href":"https:\/\/api.w.org\/{rel}","templated":true}]}}