{"id":49940,"date":"2018-05-04T12:39:11","date_gmt":"2018-05-04T15:39:11","guid":{"rendered":"http:\/\/caririemacao.com\/1\/?p=49940"},"modified":"2018-05-04T12:39:11","modified_gmt":"2018-05-04T15:39:11","slug":"prefeitura-de-sume-convoca-professores-da-lista-de-espera-do-processo-seletivo-do-eja","status":"publish","type":"post","link":"https:\/\/www.caririemacao.com\/1\/2018\/05\/04\/prefeitura-de-sume-convoca-professores-da-lista-de-espera-do-processo-seletivo-do-eja\/","title":{"rendered":"Prefeitura de Sum\u00e9 convoca professores da lista de espera do Processo Seletivo do EJA"},"content":{"rendered":"<p>A comiss\u00e3o de acompanhamento e fiscaliza\u00e7\u00e3o, institu\u00edda pela portaria n\u00ba 5398\/2018, do processo seletivo para a sele\u00e7\u00e3o de Professores para as Novas turmas de EJA do Programa de Alfabetiza\u00e7\u00e3o de Jovens e Adultos-PEJA, convoca os candidatoS abaixo, que estavam na lista de espera do processo seletivo simplificado n\u00ba 001\/2018, para comparecer no prazo de 48 (quarenta e oito) horas, contados a partir da dada desta publica\u00e7\u00e3o, na Secretaria Municipal de Educa\u00e7\u00e3o, localizada na Avenida Primeiro de Abril, n\u00ba 444 \u2013 Centro, neste Munic\u00edpio, no hor\u00e1rio das 08h \u00e0s 14h.<\/p>\n<p>O n\u00e3o comparecimento no prazo previsto implicar\u00e1 na ren\u00fancia do candidato, que ser\u00e1 substitu\u00eddo pelo seu sucessor na lista classificat\u00f3ria j\u00e1 publicada.<\/p>\n<p><strong>Para atuar na Zona Urbana<\/strong><\/p>\n<table width=\"410\">\n<tbody>\n<tr>\n<td width=\"288\"><strong>NOME DO CANDIDATO<\/strong><\/td>\n<td width=\"121\"><strong>N\u00ba FICHA DE INSCRI\u00c7\u00c3O<\/strong><\/td>\n<\/tr>\n<tr>\n<td width=\"288\">ROM\u00caNIA CARMEM MELO QUEIROZ<\/td>\n<td width=\"121\">009\/2018<\/td>\n<\/tr>\n<tr>\n<td width=\"288\">THAIS DEODATO DA SILVA<\/td>\n<td width=\"121\">005\/2018<\/td>\n<\/tr>\n<tr>\n<td width=\"288\">ALINE DANIELLE BARBOSA DA SILVA<\/td>\n<td width=\"121\">042\/2018<\/td>\n<\/tr>\n<\/tbody>\n<\/table>\n<p><strong>CARIRI EM A\u00c7\u00c3O<\/strong><\/p>\n<p>Com Ascom<\/p>\n<p>Leia mais not\u00edcias em\u00a0caririemacao.com, siga nossa p\u00e1gina no\u00a0Facebook,\u00a0Instagram\u00a0e\u00a0Youtube\u00a0e veja nossas mat\u00e9rias, v\u00eddeos e fotos. Voc\u00ea tamb\u00e9m pode enviar informa\u00e7\u00f5es \u00e0 Reda\u00e7\u00e3o do Portal Cariri em A\u00e7\u00e3o pelo WhatsApp (83) 9 9634.5791, (83) 9 9601-1162.<\/p>\n","protected":false},"excerpt":{"rendered":"<p>A comiss\u00e3o de acompanhamento e fiscaliza\u00e7\u00e3o, institu\u00edda pela portaria n\u00ba 5398\/2018, do processo seletivo para a sele\u00e7\u00e3o de Professores para as Novas turmas de EJA&hellip; <\/p>\n","protected":false},"author":2,"featured_media":47456,"comment_status":"closed","ping_status":"closed","sticky":false,"template":"","format":"standard","meta":{"sfsi_plus_gutenberg_text_before_share":"","sfsi_plus_gutenberg_show_text_before_share":"","sfsi_plus_gutenberg_icon_type":"","sfsi_plus_gutenberg_icon_alignemt":"","sfsi_plus_gutenburg_max_per_row":"","footnotes":""},"categories":[6],"tags":[],"class_list":["post-49940","post","type-post","status-publish","format-standard","has-post-thumbnail","hentry","category-cidades"],"_links":{"self":[{"href":"https:\/\/www.caririemacao.com\/1\/wp-json\/wp\/v2\/posts\/49940","targetHints":{"allow":["GET"]}}],"collection":[{"href":"https:\/\/www.caririemacao.com\/1\/wp-json\/wp\/v2\/posts"}],"about":[{"href":"https:\/\/www.caririemacao.com\/1\/wp-json\/wp\/v2\/types\/post"}],"author":[{"embeddable":true,"href":"https:\/\/www.caririemacao.com\/1\/wp-json\/wp\/v2\/users\/2"}],"replies":[{"embeddable":true,"href":"https:\/\/www.caririemacao.com\/1\/wp-json\/wp\/v2\/comments?post=49940"}],"version-history":[{"count":0,"href":"https:\/\/www.caririemacao.com\/1\/wp-json\/wp\/v2\/posts\/49940\/revisions"}],"wp:featuredmedia":[{"embeddable":true,"href":"https:\/\/www.caririemacao.com\/1\/wp-json\/wp\/v2\/media\/47456"}],"wp:attachment":[{"href":"https:\/\/www.caririemacao.com\/1\/wp-json\/wp\/v2\/media?parent=49940"}],"wp:term":[{"taxonomy":"category","embeddable":true,"href":"https:\/\/www.caririemacao.com\/1\/wp-json\/wp\/v2\/categories?post=49940"},{"taxonomy":"post_tag","embeddable":true,"href":"https:\/\/www.caririemacao.com\/1\/wp-json\/wp\/v2\/tags?post=49940"}],"curies":[{"name":"wp","href":"https:\/\/api.w.org\/{rel}","templated":true}]}}