{"id":49942,"date":"2018-05-04T12:44:12","date_gmt":"2018-05-04T15:44:12","guid":{"rendered":"http:\/\/caririemacao.com\/1\/?p=49942"},"modified":"2018-05-04T12:44:12","modified_gmt":"2018-05-04T15:44:12","slug":"julgamento-virtual-de-recurso-de-lula-no-stf-comeca-nesta-sexta","status":"publish","type":"post","link":"https:\/\/www.caririemacao.com\/1\/2018\/05\/04\/julgamento-virtual-de-recurso-de-lula-no-stf-comeca-nesta-sexta\/","title":{"rendered":"Julgamento virtual de recurso de Lula no STF come\u00e7a nesta sexta"},"content":{"rendered":"<p>Come\u00e7ou \u00e0 0h desta sexta-feira (4) o prazo para que os ministros da\u00a02\u00aa Turma do\u00a0Supremo Tribunal Federal (STF)\u00a0julguem, no \u201cplen\u00e1rio virtual\u201d, o recurso do ex-presidente\u00a0Luiz In\u00e1cio Lula da Silva\u00a0para deixar a pris\u00e3o.<\/p>\n<p>Os ministros\u00a0ter\u00e3o at\u00e9 as 23h59 do dia 10 de maio para decidir a quest\u00e3o. O resultado poder\u00e1 ser divulgado antes se todos os ministros anteciparem os votos. Integram o colegiado\u00a0Edson Fachin\u00a0(presidente),\u00a0Celso de Mello,\u00a0Gilmar Mendes,\u00a0Ricardo Lewandowski\u00a0e\u00a0Dias Toffoli.<\/p>\n<p>Em geral, o julgamento em plen\u00e1rio virtual \u00e9 usado para decis\u00f5es sem grande repercuss\u00e3o e com entendimento pacificado. No entanto, a medida do ministro Edson Fachin, relator do caso, de enviar o recurso de Lula para julgamento n\u00e3o presencial foi entendida dentro do tribunal como uma forma de ganhar tempo.<\/p>\n<p>A maioria dos integrantes do colegiado \u00e9 contra o entendimento que autoriza a pris\u00e3o ap\u00f3s a segunda inst\u00e2ncia da Justi\u00e7a.\u00a0Em mar\u00e7o, a turma j\u00e1 havia analisado outro recurso de Lula por meio eletr\u00f4nico. O colegiado liberou acesso da defesa \u00e0 uma parte da dela\u00e7\u00e3o premiada dos publicit\u00e1rios Jo\u00e3o Santana e M\u00f4nica Moura.<\/p>\n<h3>Como funciona<\/h3>\n<p>No julgamento virtual, os ministros apresentam seus votos pelo sistema eletr\u00f4nico sem se reunirem presencialmente. A plataforma funciona 24 horas por dia e os ministros podem acessar de qualquer lugar.<\/p>\n<p>A vota\u00e7\u00e3o \u00e9 aberta quando o relator (Edson Fachin) inserir no sistema o recurso e seu voto, que poder\u00e1 ser visto pelos demais integrantes, que t\u00eam sete dias corridos para inserirem suas manifesta\u00e7\u00f5es \u2014 a\u00a0previs\u00e3o \u00e9 que o resultado seja divulgado no dia seguinte.<\/p>\n<p>Se algum ministro\u00a0n\u00e3o apresentar o voto at\u00e9 o fim do prazo, ser\u00e1 considerado como voto com o relator. Um pedido de vista pode ser feito a qualquer momento. Neste caso, a decis\u00e3o vai para o julgamento presencial.<\/p>\n<p>CARIRI EM A\u00c7\u00c3O<\/p>\n<p>Com Veja\/Foto: Reprodu\u00e7\u00e3o google<\/p>\n<p>Leia mais not\u00edcias em\u00a0caririemacao.com, siga nossa p\u00e1gina no\u00a0Facebook,\u00a0Instagram\u00a0e\u00a0Youtube\u00a0e veja nossas mat\u00e9rias, v\u00eddeos e fotos. Voc\u00ea tamb\u00e9m pode enviar informa\u00e7\u00f5es \u00e0 Reda\u00e7\u00e3o do Portal Cariri em A\u00e7\u00e3o pelo WhatsApp (83) 9 9634.5791, (83) 9 9601-1162.<\/p>\n","protected":false},"excerpt":{"rendered":"<p>Come\u00e7ou \u00e0 0h desta sexta-feira (4) o prazo para que os ministros da\u00a02\u00aa Turma do\u00a0Supremo Tribunal Federal (STF)\u00a0julguem, no \u201cplen\u00e1rio virtual\u201d, o recurso do ex-presidente\u00a0Luiz&hellip; <\/p>\n","protected":false},"author":2,"featured_media":46472,"comment_status":"closed","ping_status":"closed","sticky":false,"template":"","format":"standard","meta":{"sfsi_plus_gutenberg_text_before_share":"","sfsi_plus_gutenberg_show_text_before_share":"","sfsi_plus_gutenberg_icon_type":"","sfsi_plus_gutenberg_icon_alignemt":"","sfsi_plus_gutenburg_max_per_row":"","footnotes":""},"categories":[11],"tags":[],"class_list":["post-49942","post","type-post","status-publish","format-standard","has-post-thumbnail","hentry","category-politica"],"_links":{"self":[{"href":"https:\/\/www.caririemacao.com\/1\/wp-json\/wp\/v2\/posts\/49942","targetHints":{"allow":["GET"]}}],"collection":[{"href":"https:\/\/www.caririemacao.com\/1\/wp-json\/wp\/v2\/posts"}],"about":[{"href":"https:\/\/www.caririemacao.com\/1\/wp-json\/wp\/v2\/types\/post"}],"author":[{"embeddable":true,"href":"https:\/\/www.caririemacao.com\/1\/wp-json\/wp\/v2\/users\/2"}],"replies":[{"embeddable":true,"href":"https:\/\/www.caririemacao.com\/1\/wp-json\/wp\/v2\/comments?post=49942"}],"version-history":[{"count":0,"href":"https:\/\/www.caririemacao.com\/1\/wp-json\/wp\/v2\/posts\/49942\/revisions"}],"wp:featuredmedia":[{"embeddable":true,"href":"https:\/\/www.caririemacao.com\/1\/wp-json\/wp\/v2\/media\/46472"}],"wp:attachment":[{"href":"https:\/\/www.caririemacao.com\/1\/wp-json\/wp\/v2\/media?parent=49942"}],"wp:term":[{"taxonomy":"category","embeddable":true,"href":"https:\/\/www.caririemacao.com\/1\/wp-json\/wp\/v2\/categories?post=49942"},{"taxonomy":"post_tag","embeddable":true,"href":"https:\/\/www.caririemacao.com\/1\/wp-json\/wp\/v2\/tags?post=49942"}],"curies":[{"name":"wp","href":"https:\/\/api.w.org\/{rel}","templated":true}]}}