{"id":50051,"date":"2018-05-06T01:29:21","date_gmt":"2018-05-06T04:29:21","guid":{"rendered":"http:\/\/caririemacao.com\/1\/?p=50051"},"modified":"2018-05-06T01:29:21","modified_gmt":"2018-05-06T04:29:21","slug":"prefeitura-de-prata-lanca-programa-para-regulamentacao-fundiaria","status":"publish","type":"post","link":"https:\/\/www.caririemacao.com\/1\/2018\/05\/06\/prefeitura-de-prata-lanca-programa-para-regulamentacao-fundiaria\/","title":{"rendered":"Prefeitura de Prata lan\u00e7a programa para regulamenta\u00e7\u00e3o fundi\u00e1ria"},"content":{"rendered":"<div>A prefeitura municipal de Prata lan\u00e7a o projeto de regulariza\u00e7\u00e3o fundi\u00e1ria, que segue a orienta\u00e7\u00e3o da Lei Federal n\u00ba13.465\/2017 dia 11 de julho de 2017, que disp\u00f5e sobre a regulariza\u00e7\u00e3o de terras rural e urbana.<\/div>\n<div><\/div>\n<div>A Regulariza\u00e7\u00e3o Fundi\u00e1ria traz v\u00e1rias vantagens para a cidade ao possibilitar a oficializa\u00e7\u00e3o da denomina\u00e7\u00e3o de logradouros p\u00fablicos e facilitar a implanta\u00e7\u00e3o ou amplia\u00e7\u00e3o dos servi\u00e7os p\u00fablicos em regi\u00f5es carentes.<\/div>\n<div><\/div>\n<div>J\u00e1 para o morador, os benef\u00edcios s\u00e3o v\u00e1rios: ele se torna dono legal do im\u00f3vel em que reside; conquista um endere\u00e7o oficial reconhecido pela cidade e institui\u00e7\u00f5es; pode registrar e regularizar em cart\u00f3rio as constru\u00e7\u00f5es existentes no lote; o im\u00f3vel fica mais valorizado; tem acesso a financiamento banc\u00e1rio ou cr\u00e9dito no com\u00e9rcio. Em suma, \u00e9 inclu\u00eddo no mapa urbano da cidadania.<\/div>\n<div><\/div>\n<div>De acordo com o prefeito Junior N\u00f3brega,a regi\u00e3o de Prata teve desmembramentos de \u00e1reas para loteamentos, de forma irregular. \u201cCom este projeto, queremos reverter o crescimento desordenado da regi\u00e3o para um crescimento ordenado, com padroniza\u00e7\u00e3o de ruas e mobilidade para circula\u00e7\u00e3o interna. Para isso, precisamos da ades\u00e3o de todos os moradores dos condom\u00ednios para fazermos a regulariza\u00e7\u00e3o\u201d, ressalta.<\/div>\n<div>\n<p><strong>CARIRI EM A\u00c7\u00c3O<\/strong><\/p>\n<p>Com Tribuna do Cariri<\/p>\n<p>Leia mais not\u00edcias em\u00a0caririemacao.com, siga nossa p\u00e1gina no\u00a0Facebook,\u00a0Instagram\u00a0e\u00a0Youtube\u00a0e veja nossas mat\u00e9rias, v\u00eddeos e fotos. Voc\u00ea tamb\u00e9m pode enviar informa\u00e7\u00f5es \u00e0 Reda\u00e7\u00e3o do Portal Cariri em A\u00e7\u00e3o pelo WhatsApp (83) 9 9634.5791, (83) 9 9601-1162.<\/p>\n<\/div>\n","protected":false},"excerpt":{"rendered":"<p>A prefeitura municipal de Prata lan\u00e7a o projeto de regulariza\u00e7\u00e3o fundi\u00e1ria, que segue a orienta\u00e7\u00e3o da Lei Federal n\u00ba13.465\/2017 dia 11 de julho de 2017,&hellip; <\/p>\n","protected":false},"author":2,"featured_media":27805,"comment_status":"closed","ping_status":"closed","sticky":false,"template":"","format":"standard","meta":{"sfsi_plus_gutenberg_text_before_share":"","sfsi_plus_gutenberg_show_text_before_share":"","sfsi_plus_gutenberg_icon_type":"","sfsi_plus_gutenberg_icon_alignemt":"","sfsi_plus_gutenburg_max_per_row":"","footnotes":""},"categories":[6],"tags":[],"class_list":["post-50051","post","type-post","status-publish","format-standard","has-post-thumbnail","hentry","category-cidades"],"_links":{"self":[{"href":"https:\/\/www.caririemacao.com\/1\/wp-json\/wp\/v2\/posts\/50051","targetHints":{"allow":["GET"]}}],"collection":[{"href":"https:\/\/www.caririemacao.com\/1\/wp-json\/wp\/v2\/posts"}],"about":[{"href":"https:\/\/www.caririemacao.com\/1\/wp-json\/wp\/v2\/types\/post"}],"author":[{"embeddable":true,"href":"https:\/\/www.caririemacao.com\/1\/wp-json\/wp\/v2\/users\/2"}],"replies":[{"embeddable":true,"href":"https:\/\/www.caririemacao.com\/1\/wp-json\/wp\/v2\/comments?post=50051"}],"version-history":[{"count":0,"href":"https:\/\/www.caririemacao.com\/1\/wp-json\/wp\/v2\/posts\/50051\/revisions"}],"wp:featuredmedia":[{"embeddable":true,"href":"https:\/\/www.caririemacao.com\/1\/wp-json\/wp\/v2\/media\/27805"}],"wp:attachment":[{"href":"https:\/\/www.caririemacao.com\/1\/wp-json\/wp\/v2\/media?parent=50051"}],"wp:term":[{"taxonomy":"category","embeddable":true,"href":"https:\/\/www.caririemacao.com\/1\/wp-json\/wp\/v2\/categories?post=50051"},{"taxonomy":"post_tag","embeddable":true,"href":"https:\/\/www.caririemacao.com\/1\/wp-json\/wp\/v2\/tags?post=50051"}],"curies":[{"name":"wp","href":"https:\/\/api.w.org\/{rel}","templated":true}]}}