{"id":50054,"date":"2018-05-06T01:34:57","date_gmt":"2018-05-06T04:34:57","guid":{"rendered":"http:\/\/caririemacao.com\/1\/?p=50054"},"modified":"2018-05-06T01:34:57","modified_gmt":"2018-05-06T04:34:57","slug":"prefeitura-da-prata-lanca-campanha-de-vacinacao-contra-a-aftosa","status":"publish","type":"post","link":"https:\/\/www.caririemacao.com\/1\/2018\/05\/06\/prefeitura-da-prata-lanca-campanha-de-vacinacao-contra-a-aftosa\/","title":{"rendered":"Prefeitura da Prata lan\u00e7a campanha de vacina\u00e7\u00e3o contra a aftosa"},"content":{"rendered":"<p style=\"font-weight: 400;\">A Prefeitura Municipal da Prata atrav\u00e9s da Secretaria Municipal de Agricultura comunica aos produtores e pecuaristas do munic\u00edpio que foi lan\u00e7ada a 1\u00b0 etapa de vacina\u00e7\u00e3o contra febre aftosa.<\/p>\n<p style=\"font-weight: 400;\">Os criadores podem adquirir as vacinas em uma revendedora autorizada ou loja de produtos agropecu\u00e1rios devidamente cadastradas.<\/p>\n<p style=\"font-weight: 400;\">Ap\u00f3s vacinar o rebanho, os criadores devem dentro de dez dias, declarar a vacina\u00e7\u00e3o junto a Defesa Agropecu\u00e1ria, ou nos escrit\u00f3rios do \u00f3rg\u00e3o em todo estado.<\/p>\n<p style=\"font-weight: 400;\">A campanha foi lan\u00e7ada dia 1\u00b0 de Maio neste Ter\u00e7a-feira e vai at\u00e9 o dia 31 de Maio.<\/p>\n<p style=\"font-weight: 400;\">A vacina\u00e7\u00e3o ser\u00e1 obrigat\u00f3ria, no caso de d\u00favidas basta entrar em contato com a Secret\u00e1ria Municipal da Agricultura.<\/p>\n<p><strong>CARIRI EM A\u00c7\u00c3O<\/strong><\/p>\n<p>Com Tribuna do Cariri\/Foto:\u00a0Tribuna do Cariri<\/p>\n<p>Leia mais not\u00edcias em\u00a0caririemacao.com, siga nossa p\u00e1gina no\u00a0Facebook,\u00a0Instagram\u00a0e\u00a0Youtube\u00a0e veja nossas mat\u00e9rias, v\u00eddeos e fotos. Voc\u00ea tamb\u00e9m pode enviar informa\u00e7\u00f5es \u00e0 Reda\u00e7\u00e3o do Portal Cariri em A\u00e7\u00e3o pelo WhatsApp (83) 9 9634.5791, (83) 9 9601-1162.<\/p>\n","protected":false},"excerpt":{"rendered":"<p>A Prefeitura Municipal da Prata atrav\u00e9s da Secretaria Municipal de Agricultura comunica aos produtores e pecuaristas do munic\u00edpio que foi lan\u00e7ada a 1\u00b0 etapa de&hellip; <\/p>\n","protected":false},"author":2,"featured_media":50055,"comment_status":"closed","ping_status":"closed","sticky":false,"template":"","format":"standard","meta":{"sfsi_plus_gutenberg_text_before_share":"","sfsi_plus_gutenberg_show_text_before_share":"","sfsi_plus_gutenberg_icon_type":"","sfsi_plus_gutenberg_icon_alignemt":"","sfsi_plus_gutenburg_max_per_row":"","footnotes":""},"categories":[2],"tags":[],"class_list":["post-50054","post","type-post","status-publish","format-standard","has-post-thumbnail","hentry","category-geral"],"_links":{"self":[{"href":"https:\/\/www.caririemacao.com\/1\/wp-json\/wp\/v2\/posts\/50054","targetHints":{"allow":["GET"]}}],"collection":[{"href":"https:\/\/www.caririemacao.com\/1\/wp-json\/wp\/v2\/posts"}],"about":[{"href":"https:\/\/www.caririemacao.com\/1\/wp-json\/wp\/v2\/types\/post"}],"author":[{"embeddable":true,"href":"https:\/\/www.caririemacao.com\/1\/wp-json\/wp\/v2\/users\/2"}],"replies":[{"embeddable":true,"href":"https:\/\/www.caririemacao.com\/1\/wp-json\/wp\/v2\/comments?post=50054"}],"version-history":[{"count":0,"href":"https:\/\/www.caririemacao.com\/1\/wp-json\/wp\/v2\/posts\/50054\/revisions"}],"wp:featuredmedia":[{"embeddable":true,"href":"https:\/\/www.caririemacao.com\/1\/wp-json\/wp\/v2\/media\/50055"}],"wp:attachment":[{"href":"https:\/\/www.caririemacao.com\/1\/wp-json\/wp\/v2\/media?parent=50054"}],"wp:term":[{"taxonomy":"category","embeddable":true,"href":"https:\/\/www.caririemacao.com\/1\/wp-json\/wp\/v2\/categories?post=50054"},{"taxonomy":"post_tag","embeddable":true,"href":"https:\/\/www.caririemacao.com\/1\/wp-json\/wp\/v2\/tags?post=50054"}],"curies":[{"name":"wp","href":"https:\/\/api.w.org\/{rel}","templated":true}]}}