{"id":50068,"date":"2018-05-06T09:43:49","date_gmt":"2018-05-06T12:43:49","guid":{"rendered":"http:\/\/caririemacao.com\/1\/?p=50068"},"modified":"2018-05-06T09:43:49","modified_gmt":"2018-05-06T12:43:49","slug":"jovem-e-assassinato-a-tiros","status":"publish","type":"post","link":"https:\/\/www.caririemacao.com\/1\/2018\/05\/06\/jovem-e-assassinato-a-tiros\/","title":{"rendered":"Jovem \u00e9 assassinato a tiros"},"content":{"rendered":"<p>Um jovem foi encontrado morto dentro da cozinha de uma resid\u00eancia, na manh\u00e3 deste s\u00e1bado (5), no bairro dos Cuit\u00e9s, em Campina Grande, no Agreste paraibano.<\/p>\n<p>De acordo com a Pol\u00edcia Militar, a v\u00edtima tinha chegado para morar na casa na \u00faltima quarta-feira (2). O im\u00f3vel estava vazio e tinha apenas alguns colch\u00f5es.\u00a0Foram constatados\u00a0 ferimentos na coxa, bra\u00e7o, t\u00f3rax e cabe\u00e7a.<\/p>\n<p>Ao chegar ao local, ap\u00f3s ser comunicada dos disparos, a pol\u00edcia encontrou a casa com a porta do fundo aberta e a da frente fechada.<\/p>\n<p>A cena do crime foi isolada at\u00e9 a chegada do delegado e dos peritos do Gemol.<\/p>\n<p><strong>CARIRI EM A\u00c7\u00c3O<\/strong><\/p>\n<p>Com Mais PB\/Foto:\u00a0<i>Reprodu\u00e7\u00e3o google<\/i><\/p>\n<p>Leia mais not\u00edcias em\u00a0caririemacao.com, siga nossa p\u00e1gina no\u00a0Facebook,\u00a0Instagram\u00a0e\u00a0Youtube\u00a0e veja nossas mat\u00e9rias, v\u00eddeos e fotos. Voc\u00ea tamb\u00e9m pode enviar informa\u00e7\u00f5es \u00e0 Reda\u00e7\u00e3o do Portal Cariri em A\u00e7\u00e3o pelo WhatsApp (83) 9 9634.5791, (83) 9 9601-1162.<\/p>\n","protected":false},"excerpt":{"rendered":"<p>Um jovem foi encontrado morto dentro da cozinha de uma resid\u00eancia, na manh\u00e3 deste s\u00e1bado (5), no bairro dos Cuit\u00e9s, em Campina Grande, no Agreste&hellip; <\/p>\n","protected":false},"author":2,"featured_media":39138,"comment_status":"closed","ping_status":"closed","sticky":false,"template":"","format":"standard","meta":{"sfsi_plus_gutenberg_text_before_share":"","sfsi_plus_gutenberg_show_text_before_share":"","sfsi_plus_gutenberg_icon_type":"","sfsi_plus_gutenberg_icon_alignemt":"","sfsi_plus_gutenburg_max_per_row":"","footnotes":""},"categories":[12],"tags":[],"class_list":["post-50068","post","type-post","status-publish","format-standard","has-post-thumbnail","hentry","category-policia"],"_links":{"self":[{"href":"https:\/\/www.caririemacao.com\/1\/wp-json\/wp\/v2\/posts\/50068","targetHints":{"allow":["GET"]}}],"collection":[{"href":"https:\/\/www.caririemacao.com\/1\/wp-json\/wp\/v2\/posts"}],"about":[{"href":"https:\/\/www.caririemacao.com\/1\/wp-json\/wp\/v2\/types\/post"}],"author":[{"embeddable":true,"href":"https:\/\/www.caririemacao.com\/1\/wp-json\/wp\/v2\/users\/2"}],"replies":[{"embeddable":true,"href":"https:\/\/www.caririemacao.com\/1\/wp-json\/wp\/v2\/comments?post=50068"}],"version-history":[{"count":0,"href":"https:\/\/www.caririemacao.com\/1\/wp-json\/wp\/v2\/posts\/50068\/revisions"}],"wp:featuredmedia":[{"embeddable":true,"href":"https:\/\/www.caririemacao.com\/1\/wp-json\/wp\/v2\/media\/39138"}],"wp:attachment":[{"href":"https:\/\/www.caririemacao.com\/1\/wp-json\/wp\/v2\/media?parent=50068"}],"wp:term":[{"taxonomy":"category","embeddable":true,"href":"https:\/\/www.caririemacao.com\/1\/wp-json\/wp\/v2\/categories?post=50068"},{"taxonomy":"post_tag","embeddable":true,"href":"https:\/\/www.caririemacao.com\/1\/wp-json\/wp\/v2\/tags?post=50068"}],"curies":[{"name":"wp","href":"https:\/\/api.w.org\/{rel}","templated":true}]}}