{"id":50070,"date":"2018-05-06T09:47:03","date_gmt":"2018-05-06T12:47:03","guid":{"rendered":"http:\/\/caririemacao.com\/1\/?p=50070"},"modified":"2018-05-06T09:47:03","modified_gmt":"2018-05-06T12:47:03","slug":"projeto-valoriza-lingua-portuguesa-na-pb","status":"publish","type":"post","link":"https:\/\/www.caririemacao.com\/1\/2018\/05\/06\/projeto-valoriza-lingua-portuguesa-na-pb\/","title":{"rendered":"Projeto valoriza L\u00edngua Portuguesa na PB"},"content":{"rendered":"<p>O deputado estadual Tovar Correia Lima (PSDB) destacou neste s\u00e1bado (5), Dia da L\u00edngua Portuguesa, o Projeto de Lei 1.828\/18 que cria a Semana de Conscientiza\u00e7\u00e3o e Valoriza\u00e7\u00e3o da L\u00edngua Portuguesa em todas as escolas p\u00fablicas do estado. As a\u00e7\u00f5es ser\u00e3o realizadas na primeira semana do m\u00eas de maio de cada ano. A mat\u00e9ria encontra-se em tramita\u00e7\u00e3o na Assembleia Legislativa da Para\u00edba (ALPB).<\/p>\n<p>\u201cEsse projeto busca contribuir na forma\u00e7\u00e3o de indiv\u00edduos capazes de elaborar e realizar projetos, discursos e escrita de forma adequada \u00e0s normas da l\u00edngua portuguesa, atrav\u00e9s de incentivo aos alunos e professores. Precisamos valorizar a nossa l\u00edngua, pois ela \u00e9 a nossa hist\u00f3ria\u201d, destacou.<\/p>\n<p>Tovar explicou que o projeto prev\u00ea a realiza\u00e7\u00e3o de atividades nas escolas como elabora\u00e7\u00e3o de textos po\u00e9ticos, jornal\u00edsticos, did\u00e1ticos, contos, prosas e f\u00e1bulas, pe\u00e7as teatrais, soletra\u00e7\u00e3o, gincanas, oficina de jogos educativos como: ca\u00e7a palavras, palavras cruzadas e outras formas de incentivo que envolvam os alunos e professores.<\/p>\n<p>De acordo com o projeto, tamb\u00e9m ser\u00e3o prestadas homenagens a todos os professores envolvidos e aos alunos que mais se destacarem nas atividades.<\/p>\n<p>O deputado estadual Tovar Correia Lima (PSDB) destacou neste s\u00e1bado (5), Dia da L\u00edngua Portuguesa, o Projeto de Lei 1.828\/18 que cria a Semana de Conscientiza\u00e7\u00e3o e Valoriza\u00e7\u00e3o da L\u00edngua Portuguesa em todas as escolas p\u00fablicas do estado. As a\u00e7\u00f5es ser\u00e3o realizadas na primeira semana do m\u00eas de maio de cada ano. A mat\u00e9ria encontra-se em tramita\u00e7\u00e3o na Assembleia Legislativa da Para\u00edba (ALPB).<\/p>\n<p>\u201cEsse projeto busca contribuir na forma\u00e7\u00e3o de indiv\u00edduos capazes de elaborar e realizar projetos, discursos e escrita de forma adequada \u00e0s normas da l\u00edngua portuguesa, atrav\u00e9s de incentivo aos alunos e professores. Precisamos valorizar a nossa l\u00edngua, pois ela \u00e9 a nossa hist\u00f3ria\u201d, destacou.<\/p>\n<p>Tovar explicou que o projeto prev\u00ea a realiza\u00e7\u00e3o de atividades nas escolas como elabora\u00e7\u00e3o de textos po\u00e9ticos, jornal\u00edsticos, did\u00e1ticos, contos, prosas e f\u00e1bulas, pe\u00e7as teatrais, soletra\u00e7\u00e3o, gincanas, oficina de jogos educativos como: ca\u00e7a palavras, palavras cruzadas e outras formas de incentivo que envolvam os alunos e professores.<\/p>\n<p>De acordo com o projeto, tamb\u00e9m ser\u00e3o prestadas homenagens a todos os professores envolvidos e aos alunos que mais se destacarem nas atividades.<\/p>\n<p><strong>CARIRI EM A\u00c7\u00c3O<\/strong><\/p>\n<p>Com MaisPB\/Foto: <i>Mais PB<\/i><\/p>\n<p>Leia mais not\u00edcias em\u00a0caririemacao.com, siga nossa p\u00e1gina no\u00a0Facebook,\u00a0Instagram\u00a0e\u00a0Youtube\u00a0e veja nossas mat\u00e9rias, v\u00eddeos e fotos. Voc\u00ea tamb\u00e9m pode enviar informa\u00e7\u00f5es \u00e0 Reda\u00e7\u00e3o do Portal Cariri em A\u00e7\u00e3o pelo WhatsApp (83) 9 9634.5791, (83) 9 9601-1162.<\/p>\n","protected":false},"excerpt":{"rendered":"<p>O deputado estadual Tovar Correia Lima (PSDB) destacou neste s\u00e1bado (5), Dia da L\u00edngua Portuguesa, o Projeto de Lei 1.828\/18 que cria a Semana de&hellip; <\/p>\n","protected":false},"author":2,"featured_media":50073,"comment_status":"closed","ping_status":"closed","sticky":false,"template":"","format":"standard","meta":{"sfsi_plus_gutenberg_text_before_share":"","sfsi_plus_gutenberg_show_text_before_share":"","sfsi_plus_gutenberg_icon_type":"","sfsi_plus_gutenberg_icon_alignemt":"","sfsi_plus_gutenburg_max_per_row":"","footnotes":""},"categories":[14],"tags":[],"class_list":["post-50070","post","type-post","status-publish","format-standard","has-post-thumbnail","hentry","category-educacao"],"_links":{"self":[{"href":"https:\/\/www.caririemacao.com\/1\/wp-json\/wp\/v2\/posts\/50070","targetHints":{"allow":["GET"]}}],"collection":[{"href":"https:\/\/www.caririemacao.com\/1\/wp-json\/wp\/v2\/posts"}],"about":[{"href":"https:\/\/www.caririemacao.com\/1\/wp-json\/wp\/v2\/types\/post"}],"author":[{"embeddable":true,"href":"https:\/\/www.caririemacao.com\/1\/wp-json\/wp\/v2\/users\/2"}],"replies":[{"embeddable":true,"href":"https:\/\/www.caririemacao.com\/1\/wp-json\/wp\/v2\/comments?post=50070"}],"version-history":[{"count":0,"href":"https:\/\/www.caririemacao.com\/1\/wp-json\/wp\/v2\/posts\/50070\/revisions"}],"wp:featuredmedia":[{"embeddable":true,"href":"https:\/\/www.caririemacao.com\/1\/wp-json\/wp\/v2\/media\/50073"}],"wp:attachment":[{"href":"https:\/\/www.caririemacao.com\/1\/wp-json\/wp\/v2\/media?parent=50070"}],"wp:term":[{"taxonomy":"category","embeddable":true,"href":"https:\/\/www.caririemacao.com\/1\/wp-json\/wp\/v2\/categories?post=50070"},{"taxonomy":"post_tag","embeddable":true,"href":"https:\/\/www.caririemacao.com\/1\/wp-json\/wp\/v2\/tags?post=50070"}],"curies":[{"name":"wp","href":"https:\/\/api.w.org\/{rel}","templated":true}]}}