{"id":50072,"date":"2018-05-06T09:55:39","date_gmt":"2018-05-06T12:55:39","guid":{"rendered":"http:\/\/caririemacao.com\/1\/?p=50072"},"modified":"2018-05-06T09:55:39","modified_gmt":"2018-05-06T12:55:39","slug":"treze-recebe-itabaiana-se-em-luta-direta-pela-lideranca-do-grupo-9","status":"publish","type":"post","link":"https:\/\/www.caririemacao.com\/1\/2018\/05\/06\/treze-recebe-itabaiana-se-em-luta-direta-pela-lideranca-do-grupo-9\/","title":{"rendered":"Treze recebe Itabaiana-SE em luta direta pela lideran\u00e7a do Grupo 9"},"content":{"rendered":"<p>O Treze recebe o Itabaiana-SE logo mais, \u00e0s 16h, no est\u00e1dio Presidente Vargas, em disputa direta pela lideran\u00e7a do Grupo 9 da S\u00e9rie D do Campeonato Brasileiro. A partida tem validade pela terceira rodada da competi\u00e7\u00e3o nacional.<\/p>\n<p>Para a peleja, o t\u00e9cnico alvinegro, Fl\u00e1vio Ara\u00fajo, n\u00e3o vai poder contar com o meia Rayllan, vetado pelo Departamento M\u00e9dico. J\u00e1 o centroavante Maxwell Samurai, que praticamente n\u00e3o treinou durante a semana, tamb\u00e9m est\u00e1 lesionado e \u00e9 d\u00favida.<\/p>\n<p>A tend\u00eancia \u00e9 que o treinador escale Leilson e Leandro Love no ataque, com Marcelinho Para\u00edba e Beleu na arma\u00e7\u00e3o das jogadas.<\/p>\n<p>Confira a mat\u00e9ria completa\u00a0<a href=\"https:\/\/paraibaonline.com.br\/esportes\/treze-recebe-itabaiana-se-em-luta-direta-pela-lideranca-do-grupo-9\/\">AQUI<\/a><\/p>\n<div class=\"ssbp-set--one ssbp-wrap ssbp-- ssbp--theme-4\" data-ssbp-toggle=\"true\">\n<div class=\"ssbp-container\" data-ssbp-share-text=\"\" data-ssbp-url=\"https:\/\/paraibaonline.com.br\/2018\/05\/treze-recebe-itabaiana-se-em-luta-direta-pela-lideranca-do-grupo-9\/\" data-ssbp-title=\"Treze recebe Itabaiana-SE em luta direta pela lideran\u00e7a do Grupo 9\" data-ssbp-short-url=\"\" data-ssbp-post-id=\"292486\"><strong>CARIRI EM A\u00c7\u00c3O<\/strong>Com PB Online \/Foto: Reprodu\u00e7\u00e3o google<\/p>\n<p>Leia mais not\u00edcias em\u00a0caririemacao.com, siga nossa p\u00e1gina no\u00a0Facebook,\u00a0Instagram\u00a0e\u00a0Youtube\u00a0e veja nossas mat\u00e9rias, v\u00eddeos e fotos. Voc\u00ea tamb\u00e9m pode enviar informa\u00e7\u00f5es \u00e0 Reda\u00e7\u00e3o do Portal Cariri em A\u00e7\u00e3o pelo WhatsApp (83) 9 9634.5791, (83) 9 9601-1162.<\/p>\n<\/div>\n<\/div>\n","protected":false},"excerpt":{"rendered":"<p>O Treze recebe o Itabaiana-SE logo mais, \u00e0s 16h, no est\u00e1dio Presidente Vargas, em disputa direta pela lideran\u00e7a do Grupo 9 da S\u00e9rie D do&hellip; <\/p>\n","protected":false},"author":2,"featured_media":50078,"comment_status":"closed","ping_status":"closed","sticky":false,"template":"","format":"standard","meta":{"sfsi_plus_gutenberg_text_before_share":"","sfsi_plus_gutenberg_show_text_before_share":"","sfsi_plus_gutenberg_icon_type":"","sfsi_plus_gutenberg_icon_alignemt":"","sfsi_plus_gutenburg_max_per_row":"","footnotes":""},"categories":[13],"tags":[],"class_list":["post-50072","post","type-post","status-publish","format-standard","has-post-thumbnail","hentry","category-esportes"],"_links":{"self":[{"href":"https:\/\/www.caririemacao.com\/1\/wp-json\/wp\/v2\/posts\/50072","targetHints":{"allow":["GET"]}}],"collection":[{"href":"https:\/\/www.caririemacao.com\/1\/wp-json\/wp\/v2\/posts"}],"about":[{"href":"https:\/\/www.caririemacao.com\/1\/wp-json\/wp\/v2\/types\/post"}],"author":[{"embeddable":true,"href":"https:\/\/www.caririemacao.com\/1\/wp-json\/wp\/v2\/users\/2"}],"replies":[{"embeddable":true,"href":"https:\/\/www.caririemacao.com\/1\/wp-json\/wp\/v2\/comments?post=50072"}],"version-history":[{"count":0,"href":"https:\/\/www.caririemacao.com\/1\/wp-json\/wp\/v2\/posts\/50072\/revisions"}],"wp:featuredmedia":[{"embeddable":true,"href":"https:\/\/www.caririemacao.com\/1\/wp-json\/wp\/v2\/media\/50078"}],"wp:attachment":[{"href":"https:\/\/www.caririemacao.com\/1\/wp-json\/wp\/v2\/media?parent=50072"}],"wp:term":[{"taxonomy":"category","embeddable":true,"href":"https:\/\/www.caririemacao.com\/1\/wp-json\/wp\/v2\/categories?post=50072"},{"taxonomy":"post_tag","embeddable":true,"href":"https:\/\/www.caririemacao.com\/1\/wp-json\/wp\/v2\/tags?post=50072"}],"curies":[{"name":"wp","href":"https:\/\/api.w.org\/{rel}","templated":true}]}}