{"id":50077,"date":"2018-05-06T09:56:29","date_gmt":"2018-05-06T12:56:29","guid":{"rendered":"http:\/\/caririemacao.com\/1\/?p=50077"},"modified":"2018-05-06T09:56:29","modified_gmt":"2018-05-06T12:56:29","slug":"regra-do-teto-de-gastos-divide-pre-candidatos","status":"publish","type":"post","link":"https:\/\/www.caririemacao.com\/1\/2018\/05\/06\/regra-do-teto-de-gastos-divide-pre-candidatos\/","title":{"rendered":"Regra do teto de gastos divide pr\u00e9-candidatos"},"content":{"rendered":"<p>Vitrine do ajuste fiscal do governo Michel Temer, o teto de gastos, aprovado h\u00e1 dois anos, divide os principais pr\u00e9-candidatos \u00e0 Presid\u00eancia da Rep\u00fablica. Sete entre os 13 que foram consultados pelo \u2018Estado\u2019 s\u00e3o contr\u00e1rios \u00e0 manuten\u00e7\u00e3o da regra como est\u00e1 desenhada hoje \u2013 e prometem rev\u00ea-la.<\/p>\n<p>O teto de gastos, proposto pelo governo em 2016 via emenda constitucional, congelou por 20 anos as despesas p\u00fablicas \u2013 o crescimento dos gastos foi limitado \u00e0 infla\u00e7\u00e3o do ano anterior.<\/p>\n<p>Quando a proposta foi apresentada, avaliava-se que ela facilitaria tamb\u00e9m a aprova\u00e7\u00e3o da reforma da Previd\u00eancia, por deixar claro que, sem essa mudan\u00e7a, os gastos previdenci\u00e1rios passariam a consumir uma fatia cada vez maior do Or\u00e7amento, paralisando a m\u00e1quina p\u00fablica. Sem a reforma, o teto de gastos passou a ser mais questionado.<\/p>\n<p><a href=\"http:\/\/economia.estadao.com.br\/noticias\/geral,medidas-no-congresso-tentam-burlar-controle-de-despesas,70002296478\" target=\"_blank\" rel=\"noopener\" data-id=\"103\" data-m=\"{&quot;i&quot;:103,&quot;p&quot;:99,&quot;n&quot;:&quot;partnerLink&quot;,&quot;y&quot;:24,&quot;o&quot;:4}\">++Medidas no Congresso tentam \u2018burlar\u2019 controle de despesas<\/a><\/p>\n<p>C\u00e1lculos mais recentes da consultoria Tend\u00eancias apontam que as despesas totais do governo ultrapassariam o teto de gastos em 0,4% em 2020, continuando a estourar o limite nos anos seguintes. Entre este ano e o pr\u00f3ximo, s\u00f3 a despesa com Previd\u00eancia passaria de 43,3% do total para 45,6% \u2013 chegando a mais da metade em quatro anos.<\/p>\n<p>A previs\u00e3o anterior da consultoria apontava que o teto seria rompido j\u00e1 este ano, mas houve uma redu\u00e7\u00e3o nos gastos obrigat\u00f3rios em 2017, explica o economista Fabio Klein, da Tend\u00eancias. A revis\u00e3o de pol\u00edticas subsidiadas, como o Fies \u2013 de financiamento estudantil \u2013, e de juros oferecidos pelo BNDES deram um maior f\u00f4lego para o governo. Mas essa folga \u00e9 curta.<\/p>\n<p>\u201cA medida pode ser dura, mas pelo menos cumpre seu objetivo. O teto n\u00e3o est\u00e1 l\u00e1 por acaso, ele foi aprovado para for\u00e7ar uma segunda rodada de reformas. E, quando se olha os n\u00fameros, a necessidade de se reformar a Previd\u00eancia salta aos olhos de todo mundo\u201d, diz Klein.<\/p>\n<p>Para o professor da PUC-Rio Jos\u00e9 Marcio Camargo, o teto de gastos \u00e9 importante por funcionar como um alarme de inc\u00eandio que vai garantir a aprova\u00e7\u00e3o de uma reforma da Previd\u00eancia no pr\u00f3ximo governo. \u201cDaqui a duas d\u00e9cadas, 100% do Or\u00e7amento ter\u00e1 de ir para a Previd\u00eancia. A popula\u00e7\u00e3o vai acabar percebendo que \u00e9 insustent\u00e1vel.\u201d<\/p>\n<p>Jos\u00e9 Luiz Oreiro, professor de economia da UnB, por\u00e9m, discorda. Ele diz que o pr\u00f3ximo presidente ser\u00e1 obrigado a abandonar o teto, por ser invi\u00e1vel. \u201cN\u00e3o \u00e9 uma quest\u00e3o pol\u00edtica, quem quer que seja eleito este ano deve anunciar que vai propor a retirada do teto junto com uma proposta de reforma.\u201d<\/p>\n<p>Para Klein, ser\u00e1 preocupante se o pr\u00f3ximo presidente propuser a revoga\u00e7\u00e3o da regra. \u201cO Brasil poderia andar para tr\u00e1s. A regra atual \u00e9 eficiente, flexibilizar isso seria um risco. A n\u00e3o ser que fosse ancorado em uma boa proposta reformista.\u201d<\/p>\n<p><strong>Divididos.\u00a0<\/strong>Preso na sede da Pol\u00edcia Federal no Paran\u00e1, o ex-presidente Luiz In\u00e1cio Lula da Silva (PT) j\u00e1 havia se declarado contra o teto de gastos. Tamb\u00e9m criticam a regra atual Marina Silva, Ciro Gomes, Manuela d\u2019\u00c1vila e Guilherme Boulos.<\/p>\n<p>\u201cAs pol\u00edticas p\u00fablicas est\u00e3o sofrendo um golpe, com a atitude irrespons\u00e1vel de congelar os gastos por 20 anos. Os mais afetados ser\u00e3o os \u00edndios, porque nesse congelamento quem est\u00e1 pagando o pre\u00e7o \u00e9 a sa\u00fade, a educa\u00e7\u00e3o, \u00e9 o cuidado com as comunidades mais vulner\u00e1veis\u201d, diz a ex-senadora Marina Silva, da Rede. Para ela, o controle dos gastos deveria ser feito via lei or\u00e7ament\u00e1ria, e n\u00e3o com uma altera\u00e7\u00e3o na Constitui\u00e7\u00e3o.<\/p>\n<p>\u201cO que n\u00f3s defendemos \u00e9 a revoga\u00e7\u00e3o da Emenda Constitucional 95. N\u00e3o tem como o Brasil crescer, como sair da crise, sem investimentos\u201d, afirma a pr\u00e9-candidata pelo PCdoB, Manuela d\u2019\u00c1vila.<\/p>\n<p>Mas mesmo pr\u00e9-candidatos que se apresentam como mais alinhados \u00e0s reformas feitas pelo governo de Michel Temer, como o senador \u00c1lvaro Dias (Podemos) e o ex-presidente do BNDES Paulo Rabello de Castro (PSC), s\u00e3o cr\u00edticos aos par\u00e2metros atuais do teto.<\/p>\n<p>Entre os que defendem a manuten\u00e7\u00e3o da regra atual est\u00e3o o presidente da C\u00e2mara, Rodrigo Maia (DEM-RJ), e o ex-governador Geraldo Alckmin (PSDB).<\/p>\n<p>A assessoria do deputado federal Jair Bolsonaro (PSL-RJ) n\u00e3o confirmou se o pr\u00e9-candidato \u00e9 favor\u00e1vel ou contr\u00e1rio ao teto. Mas o ex-banqueiro Paulo Guedes, guru econ\u00f4mico do parlamentar, se diz a favor.<\/p>\n<p>\u201cDepois de 40 anos de expans\u00e3o de gasto p\u00fablico, n\u00e3o posso dizer que o teto n\u00e3o \u00e9 algo excelente. Ter um limite de gastos para os pr\u00f3ximos 20 anos \u00e9 excepcional. \u00c9 a primeira vez que algu\u00e9m fala em corte de gastos p\u00fablicos desde o presidente Tancredo Neves\u201d, disse o economista ao blog do jornalista do\u00a0Estado\u00a0Jos\u00e9 Fucs.<\/p>\n<p>O ex-ministro do Supremo Joaquim Barbosa, apesar de ter tido destaque nas \u00faltimas pesquisas eleitorais, tamb\u00e9m n\u00e3o foi confirmado pr\u00e9-candidato do PSB \u00e0 Presid\u00eancia e por isso n\u00e3o foi consultado pela reportagem. Na \u00e9poca da vota\u00e7\u00e3o da PEC do teto, o PSB n\u00e3o fechou quest\u00e3o e se dividiu: parte dos parlamentares votou a favor; parte, contra.<\/p>\n<p>O presidente Michel Temer e o ex-ministro Henrique Meirelles, respons\u00e1veis pela cria\u00e7\u00e3o e aprova\u00e7\u00e3o do teto de gastos, s\u00e3o provavelmente favor\u00e1veis a ele. Mas, como n\u00e3o foram confirmados como pr\u00e9-candidatos pelo MDB, n\u00e3o entraram nessa conta.\u00a0<em>\/ COLABOROU ISADORA PERON.<\/em><\/p>\n<p><strong>CARIRI EM A\u00c7\u00c3O<\/strong><\/p>\n<p>Com Estad\u00e3o\/Foto:\u00a0<i>Reprodu\u00e7\u00e3o google<\/i><\/p>\n<p>Leia mais not\u00edcias em\u00a0caririemacao.com, siga nossa p\u00e1gina no\u00a0Facebook,\u00a0Instagram\u00a0e\u00a0Youtube\u00a0e veja nossas mat\u00e9rias, v\u00eddeos e fotos. Voc\u00ea tamb\u00e9m pode enviar informa\u00e7\u00f5es \u00e0 Reda\u00e7\u00e3o do Portal Cariri em A\u00e7\u00e3o pelo WhatsApp (83) 9 9634.5791, (83) 9 9601-1162.<\/p>\n<div id=\"SourceFBBrasil\" data-aop=\"WidgetStore\" data-id=\"1024\" data-m=\"{\">\n<div id=\"facebookWidget\" data-aop=\"facebookWidget\" data-id=\"1024\" data-m=\"{\"><\/div>\n<\/div>\n","protected":false},"excerpt":{"rendered":"<p>Vitrine do ajuste fiscal do governo Michel Temer, o teto de gastos, aprovado h\u00e1 dois anos, divide os principais pr\u00e9-candidatos \u00e0 Presid\u00eancia da Rep\u00fablica. Sete&hellip; <\/p>\n","protected":false},"author":2,"featured_media":50080,"comment_status":"closed","ping_status":"closed","sticky":false,"template":"","format":"standard","meta":{"sfsi_plus_gutenberg_text_before_share":"","sfsi_plus_gutenberg_show_text_before_share":"","sfsi_plus_gutenberg_icon_type":"","sfsi_plus_gutenberg_icon_alignemt":"","sfsi_plus_gutenburg_max_per_row":"","footnotes":""},"categories":[11],"tags":[],"class_list":["post-50077","post","type-post","status-publish","format-standard","has-post-thumbnail","hentry","category-politica"],"_links":{"self":[{"href":"https:\/\/www.caririemacao.com\/1\/wp-json\/wp\/v2\/posts\/50077","targetHints":{"allow":["GET"]}}],"collection":[{"href":"https:\/\/www.caririemacao.com\/1\/wp-json\/wp\/v2\/posts"}],"about":[{"href":"https:\/\/www.caririemacao.com\/1\/wp-json\/wp\/v2\/types\/post"}],"author":[{"embeddable":true,"href":"https:\/\/www.caririemacao.com\/1\/wp-json\/wp\/v2\/users\/2"}],"replies":[{"embeddable":true,"href":"https:\/\/www.caririemacao.com\/1\/wp-json\/wp\/v2\/comments?post=50077"}],"version-history":[{"count":0,"href":"https:\/\/www.caririemacao.com\/1\/wp-json\/wp\/v2\/posts\/50077\/revisions"}],"wp:featuredmedia":[{"embeddable":true,"href":"https:\/\/www.caririemacao.com\/1\/wp-json\/wp\/v2\/media\/50080"}],"wp:attachment":[{"href":"https:\/\/www.caririemacao.com\/1\/wp-json\/wp\/v2\/media?parent=50077"}],"wp:term":[{"taxonomy":"category","embeddable":true,"href":"https:\/\/www.caririemacao.com\/1\/wp-json\/wp\/v2\/categories?post=50077"},{"taxonomy":"post_tag","embeddable":true,"href":"https:\/\/www.caririemacao.com\/1\/wp-json\/wp\/v2\/tags?post=50077"}],"curies":[{"name":"wp","href":"https:\/\/api.w.org\/{rel}","templated":true}]}}