{"id":50088,"date":"2018-05-06T10:18:08","date_gmt":"2018-05-06T13:18:08","guid":{"rendered":"http:\/\/caririemacao.com\/1\/?p=50088"},"modified":"2018-05-06T10:18:08","modified_gmt":"2018-05-06T13:18:08","slug":"surfista-que-morreu-pegando-onda-pode-virar-santo-catolico","status":"publish","type":"post","link":"https:\/\/www.caririemacao.com\/1\/2018\/05\/06\/surfista-que-morreu-pegando-onda-pode-virar-santo-catolico\/","title":{"rendered":"Surfista que morreu pegando onda pode virar santo cat\u00f3lico"},"content":{"rendered":"<p>Um surfista que morreu pegando onda pode se tornar o primeiro santo carioca. J\u00e1 corre no Vaticano o processo de beatifica\u00e7\u00e3o de Guido Sch\u00e4ffer (1974-2009), o jovem m\u00e9dico e seminarista que adorava o mar e era conhecido em toda a zona sul do Rio de Janeiro por seu trabalho de atendimento aos mais pobres e sua prega\u00e7\u00e3o religiosa.<\/p>\n<p>No \u00faltimo dia primeiro de maio &#8211; data que marcou os nove anos de sua morte -, uma missa rezada na Praia do Recreio dos Bandeirantes pelo cardeal arcebispo do Rio, dom Orani Tempesta, comprovou a crescente popularidade da candidatura de Guido ao concorrido pante\u00e3o dos santos cat\u00f3licos. A b\u00ean\u00e7\u00e3o das pranchas e uma ora\u00e7\u00e3o \u00e0 beira do mar foram os pontos altos do evento, que reuniu mais de mil pessoas na manh\u00e3 do feriado.<\/p>\n<p>&#8220;Entregamos cinco volumes ao Vaticano, mais de 600 p\u00e1ginas, com testemunhos, documenta\u00e7\u00e3o, material produzido pelo pr\u00f3prio Guido, como seu di\u00e1rio espiritual e suas prega\u00e7\u00f5es, e tamb\u00e9m livros escritos sobre ele&#8221;, contou o delegado da Causa dos Santos da Arquidiocese do Rio, dom Roberto Lopes, respons\u00e1vel pelo processo de Guido. &#8220;Nesta primeira fase, os oficiais do Vaticano est\u00e3o checando se todo o processo foi realizado de forma correta.&#8221;<\/p>\n<p>Para que Guido Sch\u00e4ffer seja proclamado beato, ser\u00e1 necess\u00e1ria a comprova\u00e7\u00e3o de um milagre; no caso, de uma cura que n\u00e3o possa ser explicada pela ci\u00eancia. Para a canoniza\u00e7\u00e3o, \u00e9 necess\u00e1ria a comprova\u00e7\u00e3o de um segundo milagre, tamb\u00e9m com o devido aval dos m\u00e9dicos. Este processo \u00e9 muito minucioso, como explica dom Roberto, e costuma ser lento. Mas no que depender dos seguidores do &#8220;santo surfista&#8221;, como ele j\u00e1 \u00e9 chamado, n\u00e3o haver\u00e1 maiores dificuldades.<\/p>\n<p>Quem entra na Igreja Nossa Senhora da Paz, em Ipanema, na zona sul, consegue ter uma no\u00e7\u00e3o da import\u00e2ncia de Guido na comunidade. Desde que os restos mortais do surfista foram transferidos para a igreja, em 2015, os fi\u00e9is se re\u00fanem ali para agradecer as gra\u00e7as alcan\u00e7adas e render homenagens. A quantidade de velas, flores e ex-votos d\u00e3o a dimens\u00e3o da popularidade de Guido.<\/p>\n<p>&#8220;Eu sou um dos grandes milagres de Guido&#8221;, disse Tatiana Ribeiro, de 35 anos, em testemunho prestado na missa rezada na praia do Recreio, no \u00faltimo feriado.<\/p>\n<p>Ela contou que, h\u00e1 tr\u00eas anos, se submeteu a uma cirurgia bari\u00e1trica e apresentou uma complica\u00e7\u00e3o que, por pouco, n\u00e3o a mata. Chegou a ser levada em estado grave para a UTI, sem que os m\u00e9dicos conseguissem descobrir qual era o problema. Sua m\u00e3e sonhou com um jovem que apontava, num exame de imagem, o lugar exato onde havia uma f\u00edstula. A m\u00e3e de Tatiana n\u00e3o conhecia Guido e s\u00f3 muito tempo depois, vendo um santinho do surfista, reconheceu o jovem que havia lhe aparecido em sonhos.<\/p>\n<p>&#8220;Guido era um S\u00e3o Francisco do Rio de Janeiro&#8221;, compara padre Jorj\u00e3o, da par\u00f3quia da Nossa Senhora da Paz, amigo pessoal de Guido e autor do livro &#8220;O santo surfista&#8221;. &#8220;Depois do surfe, nos domingos pela manh\u00e3, Guido ia a hospitais de pobres levar pasta de dente, sabonete; ele reuniu um grande grupo de jovens m\u00e9dicos de todas as especialidades para atender os pobres gratuitamente; resgatava a dignidade de pessoas que moravam na rua; atendia os drogados, transformava a vida das pessoas.&#8221;<\/p>\n<p><strong>Hist\u00f3ria.\u00a0<\/strong>Guido nasceu em 22 de maio de 1974, em Volta Redonda, filho do meio do m\u00e9dico Guido Manoel Vidal Sch\u00e4ffer e da dona de casa Maria Nazareth Fran\u00e7a Schaffer. Desde que Guido era muito pequeno, a fam\u00edlia de classe m\u00e9dia se mudou para Copacabana, na zona sul do Rio. O rapaz passou a juventude entre a escola, a praia e a igreja.<\/p>\n<p>&#8220;Eu e meu marido somos cat\u00f3licos praticantes e educamos os nossos tr\u00eas filhos assim; eles sempre seguiram a religi\u00e3o, sempre foram atuantes na igreja&#8221;, conta Nazareth. &#8220;Mas o Guido foi o que mais se destacou. Sempre o vi como uma pessoa especial, muito caridosa, muito atenta \u00e0s necessidades dos outros, muito diferenciado, sobretudo para a idade que tinha.&#8221;<\/p>\n<p>Embora tivesse uma participa\u00e7\u00e3o muito ativa na igreja, Guido seguia uma vida t\u00edpica de um jovem de classe m\u00e9dia criado na zona sul do Rio nos anos 90: se formou em medicina, come\u00e7ou a trabalhar e, namorando s\u00e9rio h\u00e1 alguns anos, chegou a marcar a data do casamento. Foi somente no ano 2000, durante uma excurs\u00e3o religiosa com a fam\u00edlia a Roma, que Guido percebeu que deveria seguir o sacerd\u00f3cio.<\/p>\n<p>O jovem passou os anos seguintes estudando filosofia e teologia. Ele j\u00e1 cursava o quarto ano do semin\u00e1rio e estava prestes a ser ordenado padre, quando morreu pegando onda com amigos no Recreio, no feriado de primeiro de maio de 2009, aos 34 anos. Guido foi atingido na parte de tr\u00e1s do pesco\u00e7o por uma prancha desgovernada. O golpe o fez desmaiar e ele acabou morrendo afogado.<\/p>\n<p>&#8220;Todo mundo ficou muito espantado com a multid\u00e3o que apareceu na missa de corpo presente; eram milhares de pessoas, \u00f4nibus de todas as partes&#8221;, relembra padre Jorj\u00e3o. A missa, na Igreja Nossa Senhora de Copacabana, foi rezada pelo pr\u00f3prio arcebispo do Rio, dom Orani Tempesta, que colocou sobre o corpo do jovem uma estola de padre.<\/p>\n<p>A manifesta\u00e7\u00e3o da santidade, explica dom Roberto Lopes, \u00e9 revelada pelo pr\u00f3prio povo. O bispo s\u00f3 faz acat\u00e1-la.<\/p>\n<div id=\"SourceFBBrasil\" data-aop=\"WidgetStore\" data-id=\"1024\" data-m=\"{\">\n<div id=\"facebookWidget\" data-aop=\"facebookWidget\" data-id=\"1024\" data-m=\"{\">\n<p><strong>CARIRI EM A\u00c7\u00c3O<\/strong><\/p>\n<p>Com Msn\/Foto:\u00a0<i>Reprodu\u00e7\u00e3o google<\/i><\/p>\n<p>Leia mais not\u00edcias em\u00a0caririemacao.com, siga nossa p\u00e1gina no\u00a0Facebook,\u00a0Instagram\u00a0e\u00a0Youtube\u00a0e veja nossas mat\u00e9rias, v\u00eddeos e fotos. Voc\u00ea tamb\u00e9m pode enviar informa\u00e7\u00f5es \u00e0 Reda\u00e7\u00e3o do Portal Cariri em A\u00e7\u00e3o pelo WhatsApp (83) 9 9634.5791, (83) 9 9601-1162.<\/p>\n<\/div>\n<\/div>\n","protected":false},"excerpt":{"rendered":"<p>Um surfista que morreu pegando onda pode se tornar o primeiro santo carioca. J\u00e1 corre no Vaticano o processo de beatifica\u00e7\u00e3o de Guido Sch\u00e4ffer (1974-2009),&hellip; <\/p>\n","protected":false},"author":2,"featured_media":50090,"comment_status":"closed","ping_status":"closed","sticky":false,"template":"","format":"standard","meta":{"sfsi_plus_gutenberg_text_before_share":"","sfsi_plus_gutenberg_show_text_before_share":"","sfsi_plus_gutenberg_icon_type":"","sfsi_plus_gutenberg_icon_alignemt":"","sfsi_plus_gutenburg_max_per_row":"","footnotes":""},"categories":[2],"tags":[],"class_list":["post-50088","post","type-post","status-publish","format-standard","has-post-thumbnail","hentry","category-geral"],"_links":{"self":[{"href":"https:\/\/www.caririemacao.com\/1\/wp-json\/wp\/v2\/posts\/50088","targetHints":{"allow":["GET"]}}],"collection":[{"href":"https:\/\/www.caririemacao.com\/1\/wp-json\/wp\/v2\/posts"}],"about":[{"href":"https:\/\/www.caririemacao.com\/1\/wp-json\/wp\/v2\/types\/post"}],"author":[{"embeddable":true,"href":"https:\/\/www.caririemacao.com\/1\/wp-json\/wp\/v2\/users\/2"}],"replies":[{"embeddable":true,"href":"https:\/\/www.caririemacao.com\/1\/wp-json\/wp\/v2\/comments?post=50088"}],"version-history":[{"count":0,"href":"https:\/\/www.caririemacao.com\/1\/wp-json\/wp\/v2\/posts\/50088\/revisions"}],"wp:featuredmedia":[{"embeddable":true,"href":"https:\/\/www.caririemacao.com\/1\/wp-json\/wp\/v2\/media\/50090"}],"wp:attachment":[{"href":"https:\/\/www.caririemacao.com\/1\/wp-json\/wp\/v2\/media?parent=50088"}],"wp:term":[{"taxonomy":"category","embeddable":true,"href":"https:\/\/www.caririemacao.com\/1\/wp-json\/wp\/v2\/categories?post=50088"},{"taxonomy":"post_tag","embeddable":true,"href":"https:\/\/www.caririemacao.com\/1\/wp-json\/wp\/v2\/tags?post=50088"}],"curies":[{"name":"wp","href":"https:\/\/api.w.org\/{rel}","templated":true}]}}