{"id":50094,"date":"2018-05-06T10:22:38","date_gmt":"2018-05-06T13:22:38","guid":{"rendered":"http:\/\/caririemacao.com\/1\/?p=50094"},"modified":"2018-05-06T10:22:38","modified_gmt":"2018-05-06T13:22:38","slug":"homem-incendeia-casa-de-ex-namorada-por-nao-aceitar-fim-de-relacionamento-na-pb","status":"publish","type":"post","link":"https:\/\/www.caririemacao.com\/1\/2018\/05\/06\/homem-incendeia-casa-de-ex-namorada-por-nao-aceitar-fim-de-relacionamento-na-pb\/","title":{"rendered":"Homem incendeia casa de ex-namorada por n\u00e3o aceitar fim de relacionamento na PB"},"content":{"rendered":"<div class=\"mc-column content-text active-extra-styles active-capital-letter\" data-block-type=\"unstyled\" data-block-weight=\"47\" data-block-id=\"2\">\n<p class=\"content-text__container theme-color-primary-first-letter\" data-track-category=\"Link no Texto\" data-track-links=\"\">Um inc\u00eandio foi provocado em uma casa na noite desta sexta-feira (4), no bairro de Tibiri, em Santa Rita, na Regi\u00e3o Metropolitana de Jo\u00e3o Pessoa. A suspeita \u00e9 que o ex-namorado da moradora da casa seja o respons\u00e1vel pelo fogo, pois n\u00e3o aceitava o fim do relacionamento.<\/p>\n<\/div>\n<div class=\"mc-column content-text active-extra-styles \" data-block-type=\"unstyled\" data-block-weight=\"30\" data-block-id=\"3\">\n<p class=\"content-text__container \" data-track-category=\"Link no Texto\" data-track-links=\"\">As chamas tomaram conta da casa. O Corpo de Bombeiros esteve no local e controlou o fogo para n\u00e3o atingir as resid\u00eancias ao lado. No entanto, restaram apenas poucos objetos.<\/p>\n<\/div>\n<div class=\"mc-column content-text active-extra-styles \" data-block-type=\"unstyled\" data-block-weight=\"58\" data-block-id=\"4\">\n<p class=\"content-text__container \" data-track-category=\"Link no Texto\" data-track-links=\"\">Uma vizinha conta que o ex-namorado da moradora esteve no local e perguntou se ela tinha a chave da casa, mas ela respondeu que n\u00e3o. Depois ele voltou e arrombou a resid\u00eancia. De acordo com a Pol\u00edcia Militar, o homem tem 21 anos e foi encaminhado \u00e0 6\u00aa Delegacia Distrital como suspeito de ter ateado fogo na casa.<\/p>\n<\/div>\n<div class=\"mc-column content-text active-extra-styles \" data-block-type=\"unstyled\" data-block-weight=\"18\" data-block-id=\"5\">\n<p class=\"content-text__container \" data-track-category=\"Link no Texto\" data-track-links=\"\">O inc\u00eandio come\u00e7ou por volta das 21h, mas n\u00e3o havia ningu\u00e9m dentro da casa. Portanto, n\u00e3o houve feridos.<\/p>\n<p data-track-category=\"Link no Texto\" data-track-links=\"\"><a href=\"http:\/\/caririemacao.com\/1\/?attachment_id=50095\" rel=\"attachment wp-att-50095\"><img fetchpriority=\"high\" decoding=\"async\" class=\"aligncenter size-full wp-image-50095\" src=\"http:\/\/caririemacao.com\/1\/wp-content\/uploads\/2018\/05\/incendio-4.jpg\" alt=\"\" width=\"1000\" height=\"563\" srcset=\"https:\/\/www.caririemacao.com\/1\/wp-content\/uploads\/2018\/05\/incendio-4.jpg 1000w, https:\/\/www.caririemacao.com\/1\/wp-content\/uploads\/2018\/05\/incendio-4-300x169.jpg 300w, https:\/\/www.caririemacao.com\/1\/wp-content\/uploads\/2018\/05\/incendio-4-768x432.jpg 768w\" sizes=\"(max-width: 1000px) 100vw, 1000px\" \/><\/a><\/p>\n<p><strong>CARIRI EM A\u00c7\u00c3O<\/strong><\/p>\n<p>Com G1\/Foto: G1<\/p>\n<p><strong>Leia mais not\u00edcias em\u00a0caririemacao.com, siga nossa p\u00e1gina no\u00a0Facebook,\u00a0Instagram\u00a0e\u00a0Youtube\u00a0e veja nossas mat\u00e9rias, v\u00eddeos e fotos. Voc\u00ea tamb\u00e9m pode enviar informa\u00e7\u00f5es \u00e0 Reda\u00e7\u00e3o do Portal Cariri em A\u00e7\u00e3o pelo WhatsApp (83) 9 9634.5791, (83) 9 9601-1162.<\/strong><\/p>\n<\/div>\n","protected":false},"excerpt":{"rendered":"<p>Um inc\u00eandio foi provocado em uma casa na noite desta sexta-feira (4), no bairro de Tibiri, em Santa Rita, na Regi\u00e3o Metropolitana de Jo\u00e3o Pessoa.&hellip; <\/p>\n","protected":false},"author":2,"featured_media":50096,"comment_status":"closed","ping_status":"closed","sticky":false,"template":"","format":"standard","meta":{"sfsi_plus_gutenberg_text_before_share":"","sfsi_plus_gutenberg_show_text_before_share":"","sfsi_plus_gutenberg_icon_type":"","sfsi_plus_gutenberg_icon_alignemt":"","sfsi_plus_gutenburg_max_per_row":"","footnotes":""},"categories":[12],"tags":[],"class_list":["post-50094","post","type-post","status-publish","format-standard","has-post-thumbnail","hentry","category-policia"],"_links":{"self":[{"href":"https:\/\/www.caririemacao.com\/1\/wp-json\/wp\/v2\/posts\/50094","targetHints":{"allow":["GET"]}}],"collection":[{"href":"https:\/\/www.caririemacao.com\/1\/wp-json\/wp\/v2\/posts"}],"about":[{"href":"https:\/\/www.caririemacao.com\/1\/wp-json\/wp\/v2\/types\/post"}],"author":[{"embeddable":true,"href":"https:\/\/www.caririemacao.com\/1\/wp-json\/wp\/v2\/users\/2"}],"replies":[{"embeddable":true,"href":"https:\/\/www.caririemacao.com\/1\/wp-json\/wp\/v2\/comments?post=50094"}],"version-history":[{"count":0,"href":"https:\/\/www.caririemacao.com\/1\/wp-json\/wp\/v2\/posts\/50094\/revisions"}],"wp:featuredmedia":[{"embeddable":true,"href":"https:\/\/www.caririemacao.com\/1\/wp-json\/wp\/v2\/media\/50096"}],"wp:attachment":[{"href":"https:\/\/www.caririemacao.com\/1\/wp-json\/wp\/v2\/media?parent=50094"}],"wp:term":[{"taxonomy":"category","embeddable":true,"href":"https:\/\/www.caririemacao.com\/1\/wp-json\/wp\/v2\/categories?post=50094"},{"taxonomy":"post_tag","embeddable":true,"href":"https:\/\/www.caririemacao.com\/1\/wp-json\/wp\/v2\/tags?post=50094"}],"curies":[{"name":"wp","href":"https:\/\/api.w.org\/{rel}","templated":true}]}}