{"id":50102,"date":"2018-05-06T10:33:42","date_gmt":"2018-05-06T13:33:42","guid":{"rendered":"http:\/\/caririemacao.com\/1\/?p=50102"},"modified":"2018-05-06T10:33:42","modified_gmt":"2018-05-06T13:33:42","slug":"universidades-e-institutos-federais-de-todo-o-pais-recebem-r-56112-milhoes-do-mec","status":"publish","type":"post","link":"https:\/\/www.caririemacao.com\/1\/2018\/05\/06\/universidades-e-institutos-federais-de-todo-o-pais-recebem-r-56112-milhoes-do-mec\/","title":{"rendered":"Universidades e institutos federais de todo o pa\u00eds recebem R$ 561,12 milh\u00f5es do MEC"},"content":{"rendered":"<div class=\"container\">\n<div class=\"row\">\n<article class=\"article_pd_int\">\n<div class=\"col-md-12\">\n<div class=\"descricaoDaNoticia\">\n<p>As institui\u00e7\u00f5es federais de ensino vinculadas ao Minist\u00e9rio da Educa\u00e7\u00e3o receberam cerca de R$ 561,12 milh\u00f5es em recursos financeiros para manuten\u00e7\u00e3o, custeio e pagamento de assist\u00eancia estudantil. A maior parte dos valores, R$ 376,85 milh\u00f5es, foi destinada \u00e0s universidades federais, incluindo repasses para hospitais universit\u00e1rios. A verba foi repassada pelo MEC na \u00faltima quinta-feira, 3.<\/p>\n<p>\u201cEsses recursos asseguram o compromisso do MEC com as institui\u00e7\u00f5es federais brasileiras\u201d, disse o ministro da Educa\u00e7\u00e3o, Rossieli Soares. \u201cCom essa libera\u00e7\u00e3o, garantimos o pagamento dos compromissos de custeio e investimento dos institutos federais e das universidades\u201d.<\/p>\n<p>A rede federal de educa\u00e7\u00e3o profissional, cient\u00edfica e tecnol\u00f3gica recebeu R$ 181,38 milh\u00f5es. O restante, R$ 2,89 milh\u00f5es, foi repassado ao Instituto Nacional de Educa\u00e7\u00e3o de Surdos (Ines), ao Instituto Benjamin Constant (IBC) e \u00e0 Funda\u00e7\u00e3o Joaquim Nabuco (Fundaj).<\/p>\n<p>Desde o in\u00edcio deste ano, o MEC j\u00e1 repassou R$ 2,4 bilh\u00f5es para as institui\u00e7\u00f5es federais vinculadas \u00e0 pasta, incluindo o que foi destinado ao pagamento de despesas das universidades e institutos federais, do Instituto Nacional de Surdos, do Instituto Benjamin Constant e da Funda\u00e7\u00e3o Joaquim Nabuco.<\/p>\n<\/div>\n<\/div>\n<\/article>\n<\/div>\n<\/div>\n<div class=\"container\">\n<div class=\"row\">\n<div class=\"col-md-12 col-sm-12 col-xs-12\">\n<p><strong>CARIRI EM A\u00c7\u00c3O<\/strong><\/p>\n<p>Com Wscom\/Foto: Reprodu\u00e7\u00e3o google<\/p>\n<p><strong>Leia mais not\u00edcias em\u00a0caririemacao.com, siga nossa p\u00e1gina no\u00a0Facebook,\u00a0Instagram\u00a0e\u00a0Youtube\u00a0e veja nossas mat\u00e9rias, v\u00eddeos e fotos. Voc\u00ea tamb\u00e9m pode enviar informa\u00e7\u00f5es \u00e0 Reda\u00e7\u00e3o do Portal Cariri em A\u00e7\u00e3o pelo WhatsApp (83) 9 9634.5791, (83) 9 9601-1162.<\/strong><\/p>\n<\/div>\n<\/div>\n<\/div>\n","protected":false},"excerpt":{"rendered":"<p>As institui\u00e7\u00f5es federais de ensino vinculadas ao Minist\u00e9rio da Educa\u00e7\u00e3o receberam cerca de R$ 561,12 milh\u00f5es em recursos financeiros para manuten\u00e7\u00e3o, custeio e pagamento de&hellip; <\/p>\n","protected":false},"author":2,"featured_media":50105,"comment_status":"closed","ping_status":"closed","sticky":false,"template":"","format":"standard","meta":{"sfsi_plus_gutenberg_text_before_share":"","sfsi_plus_gutenberg_show_text_before_share":"","sfsi_plus_gutenberg_icon_type":"","sfsi_plus_gutenberg_icon_alignemt":"","sfsi_plus_gutenburg_max_per_row":"","footnotes":""},"categories":[14],"tags":[],"class_list":["post-50102","post","type-post","status-publish","format-standard","has-post-thumbnail","hentry","category-educacao"],"_links":{"self":[{"href":"https:\/\/www.caririemacao.com\/1\/wp-json\/wp\/v2\/posts\/50102","targetHints":{"allow":["GET"]}}],"collection":[{"href":"https:\/\/www.caririemacao.com\/1\/wp-json\/wp\/v2\/posts"}],"about":[{"href":"https:\/\/www.caririemacao.com\/1\/wp-json\/wp\/v2\/types\/post"}],"author":[{"embeddable":true,"href":"https:\/\/www.caririemacao.com\/1\/wp-json\/wp\/v2\/users\/2"}],"replies":[{"embeddable":true,"href":"https:\/\/www.caririemacao.com\/1\/wp-json\/wp\/v2\/comments?post=50102"}],"version-history":[{"count":0,"href":"https:\/\/www.caririemacao.com\/1\/wp-json\/wp\/v2\/posts\/50102\/revisions"}],"wp:featuredmedia":[{"embeddable":true,"href":"https:\/\/www.caririemacao.com\/1\/wp-json\/wp\/v2\/media\/50105"}],"wp:attachment":[{"href":"https:\/\/www.caririemacao.com\/1\/wp-json\/wp\/v2\/media?parent=50102"}],"wp:term":[{"taxonomy":"category","embeddable":true,"href":"https:\/\/www.caririemacao.com\/1\/wp-json\/wp\/v2\/categories?post=50102"},{"taxonomy":"post_tag","embeddable":true,"href":"https:\/\/www.caririemacao.com\/1\/wp-json\/wp\/v2\/tags?post=50102"}],"curies":[{"name":"wp","href":"https:\/\/api.w.org\/{rel}","templated":true}]}}