{"id":50103,"date":"2018-05-06T10:31:38","date_gmt":"2018-05-06T13:31:38","guid":{"rendered":"http:\/\/caririemacao.com\/1\/?p=50103"},"modified":"2018-05-06T10:40:37","modified_gmt":"2018-05-06T13:40:37","slug":"aliados-circunstanciais-podem-nos-levar-a-novas-derrotas-diz-anisio-maia","status":"publish","type":"post","link":"https:\/\/www.caririemacao.com\/1\/2018\/05\/06\/aliados-circunstanciais-podem-nos-levar-a-novas-derrotas-diz-anisio-maia\/","title":{"rendered":"\u201cAliados circunstanciais podem nos levar a novas derrotas\u201d, diz An\u00edsio Maia"},"content":{"rendered":"<p class=\"m_-5353233204095323095gmail-MsoNoSpacing\">O deputado estadual An\u00edsio Maia (PT) defendeu neste domingo (6) a constru\u00e7\u00e3o de uma frente de democr\u00e1tica na Para\u00edba para as elei\u00e7\u00f5es deste ano. Para ele, n\u00e3o h\u00e1 motivos para as for\u00e7as de esquerda seguirem caminhos separados: \u201cEstivemos juntos nas elei\u00e7\u00f5es de 2014, estivemos juntos contra o golpe em 2016, estamos juntos deste ent\u00e3o contra as a\u00e7\u00f5es do governo Temer e juntos na defesa do presidente Lula. Por que vamos nos dividir agora?\u201d<\/p>\n<p class=\"m_-5353233204095323095gmail-MsoNoSpacing\">An\u00edsio Maia acredita que a atual conjuntura pol\u00edtica nacional ter\u00e1 grande impacto nos estados e que a forte polariza\u00e7\u00e3o ideol\u00f3gica n\u00e3o deixar\u00e1 espa\u00e7os para meios-termos: \u201cAqui na Para\u00edba quem busca o poder pelo poder \u00e9 a oposi\u00e7\u00e3o. N\u00f3s temos que nos pautar por ideias. Unir as for\u00e7as populares e democr\u00e1ticas \u00e9 o melhor caminho para futuras vit\u00f3rias. Aliados circunstanciais podem nos levar novas a derrotas\u201d, afirmou.<\/p>\n<p class=\"m_-5353233204095323095gmail-MsoNoSpacing\">Para o parlamentar, a for\u00e7a pol\u00edtica do presidente Lula faz com que muitos pol\u00edticos e partidos golpistas no Nordeste procurem atenuar suas posi\u00e7\u00f5es e buscar aproxima\u00e7\u00e3o com for\u00e7as mais \u00e0 esquerda. \u201cO que serve para Temer n\u00e3o serve para o povo. Ser\u00e1 que estes golpistas ficaram confi\u00e1veis agora? Particularmente n\u00e3o acredito que nossos verdadeiros advers\u00e1rios ter\u00e3o mais valor que os aliados ideol\u00f3gicos na constru\u00e7\u00e3o das coliga\u00e7\u00f5es\u201d. E acrescentou: \u201cAs for\u00e7as de esquerda ser\u00e3o vitoriosas em todo Nordeste e na Para\u00edba n\u00e3o ser\u00e1 diferente\u201d.<\/p>\n<p class=\"m_-5353233204095323095gmail-MsoNoSpacing\">Neste sentido o petista avaliou as elei\u00e7\u00f5es na Para\u00edba: \u201cJo\u00e3o Azevedo n\u00e3o deve cometer os mesmos erros que Dilma, que pagou muito caro pelas alian\u00e7as que fez. Conseguiu fazer uma maioria que trabalhou contra seu governo e a golpeou. O momento \u00e9 de unidade e a luta pelo poder n\u00e3o pode dividir a frente democr\u00e1tica. \u00c1gua e \u00f3leo n\u00e3o se misturam, quem conseguir misturar ficar\u00e1 sem \u00e1gua para beber e sem \u00f3leo para usar\u201d, concluiu.<\/p>\n<p><strong>CARIRI EM A\u00c7\u00c3O<\/strong><\/p>\n<p>Com Estad\u00e3o\/Foto:\u00a0<i>Reprodu\u00e7\u00e3o google<\/i><\/p>\n<p>Leia mais not\u00edcias em\u00a0caririemacao.com, siga nossa p\u00e1gina no\u00a0Facebook,\u00a0Instagram\u00a0e\u00a0Youtube\u00a0e veja nossas mat\u00e9rias, v\u00eddeos e fotos. Voc\u00ea tamb\u00e9m pode enviar informa\u00e7\u00f5es \u00e0 Reda\u00e7\u00e3o do Portal Cariri em A\u00e7\u00e3o pelo WhatsApp (83) 9 9634.5791, (83) 9 9601-1162.<\/p>\n","protected":false},"excerpt":{"rendered":"<p>O deputado estadual An\u00edsio Maia (PT) defendeu neste domingo (6) a constru\u00e7\u00e3o de uma frente de democr\u00e1tica na Para\u00edba para as elei\u00e7\u00f5es deste ano. Para&hellip; <\/p>\n","protected":false},"author":2,"featured_media":7539,"comment_status":"closed","ping_status":"closed","sticky":false,"template":"","format":"standard","meta":{"sfsi_plus_gutenberg_text_before_share":"","sfsi_plus_gutenberg_show_text_before_share":"","sfsi_plus_gutenberg_icon_type":"","sfsi_plus_gutenberg_icon_alignemt":"","sfsi_plus_gutenburg_max_per_row":"","footnotes":""},"categories":[11],"tags":[],"class_list":["post-50103","post","type-post","status-publish","format-standard","has-post-thumbnail","hentry","category-politica"],"_links":{"self":[{"href":"https:\/\/www.caririemacao.com\/1\/wp-json\/wp\/v2\/posts\/50103","targetHints":{"allow":["GET"]}}],"collection":[{"href":"https:\/\/www.caririemacao.com\/1\/wp-json\/wp\/v2\/posts"}],"about":[{"href":"https:\/\/www.caririemacao.com\/1\/wp-json\/wp\/v2\/types\/post"}],"author":[{"embeddable":true,"href":"https:\/\/www.caririemacao.com\/1\/wp-json\/wp\/v2\/users\/2"}],"replies":[{"embeddable":true,"href":"https:\/\/www.caririemacao.com\/1\/wp-json\/wp\/v2\/comments?post=50103"}],"version-history":[{"count":0,"href":"https:\/\/www.caririemacao.com\/1\/wp-json\/wp\/v2\/posts\/50103\/revisions"}],"wp:featuredmedia":[{"embeddable":true,"href":"https:\/\/www.caririemacao.com\/1\/wp-json\/wp\/v2\/media\/7539"}],"wp:attachment":[{"href":"https:\/\/www.caririemacao.com\/1\/wp-json\/wp\/v2\/media?parent=50103"}],"wp:term":[{"taxonomy":"category","embeddable":true,"href":"https:\/\/www.caririemacao.com\/1\/wp-json\/wp\/v2\/categories?post=50103"},{"taxonomy":"post_tag","embeddable":true,"href":"https:\/\/www.caririemacao.com\/1\/wp-json\/wp\/v2\/tags?post=50103"}],"curies":[{"name":"wp","href":"https:\/\/api.w.org\/{rel}","templated":true}]}}