{"id":50111,"date":"2018-05-06T10:44:37","date_gmt":"2018-05-06T13:44:37","guid":{"rendered":"http:\/\/caririemacao.com\/1\/?p=50111"},"modified":"2018-05-06T10:48:41","modified_gmt":"2018-05-06T13:48:41","slug":"alckmin-e-temer-ensaiam-aproximacao-e-irritam-dem","status":"publish","type":"post","link":"https:\/\/www.caririemacao.com\/1\/2018\/05\/06\/alckmin-e-temer-ensaiam-aproximacao-e-irritam-dem\/","title":{"rendered":"Alckmin e Temer ensaiam aproxima\u00e7\u00e3o e irritam DEM"},"content":{"rendered":"<div class=\"row news-info-container no-margin\">\n<div class=\"col-lg-6 col-md-6 col-sm-6 hidden-xs no-padding\">\n<div class=\"news-social\">\n<div class=\"g-plus\" data-action=\"share\" data-annotation=\"none\"><span class=\"news_capital_letter\">A<\/span>p\u00f3s per\u00edodo de certo estremecimento na rela\u00e7\u00e3o, o presidenci\u00e1vel Geraldo Alckmin (PSDB) procurou o presidente Michel Temer (MDB) para iniciar conversas sobre poss\u00edvel alian\u00e7a para a elei\u00e7\u00e3o.<\/div>\n<\/div>\n<\/div>\n<\/div>\n<div class=\"row news-main-text-container\">\n<div class=\"col-lg-12 col-md-12 col-sm-12 col-xs-12\">\n<div class=\"news-main-text\">\n<p>O gesto foi mal recebido no DEM, que diz considerar uma aproxima\u00e7\u00e3o com o MDB de Temer e Jos\u00e9 Sarney corrosiva para Alckmin na disputa presidencial.<\/p>\n<p>O presidente e o ex-governador paulista tinham ficado de conversar h\u00e1 cerca de duas semanas, mas a aproxima\u00e7\u00e3o se tornou p\u00fablica e Alckmin preferiu esperar. Na quinta-feira (3), como revelado pela Folha de S.Paulo, o tucano telefonou para o presidente.<\/p>\n<p>Em agenda de campanha em Teresina neste s\u00e1bado (5), Alckmin negou publicamente que tenha tratado de alian\u00e7a eleitoral, mas o gesto marca uma nova fase na rela\u00e7\u00e3o entre os dois.<\/p>\n<p>Desde a vota\u00e7\u00e3o das den\u00fancias de Temer na C\u00e2mara, quando a bancada tucana paulista se posicionou majoritariamente a favor das investiga\u00e7\u00f5es, o presidente se irritou com o que viu como falta de empenho do ent\u00e3o governador.<\/p>\n<p>Um tempo depois disso, Alckmin chegou a procurar Temer, mas o presidente estava inclinado a tentar se reeleger e n\u00e3o foi receptivo.<\/p>\n<p>Agora, com a candidatura de Temer escanteada e a concep\u00e7\u00e3o por ambos da necessidade de uni\u00e3o das candidaturas ditas de centro, a rela\u00e7\u00e3o entrou em nova fase.<\/p>\n<p>&#8220;O di\u00e1logo \u00e9 importante. Alian\u00e7a n\u00e3o est\u00e1 em discuss\u00e3o, at\u00e9 porque o MDB tem pr\u00e9-candidato. O doutor Henrique Meirelles \u00e9 uma pessoa de valor&#8221;, afirmou o tucano na capital do Piau\u00ed.<\/p>\n<p>Alckmin disse que o ex-prefeito Jo\u00e3o Doria (PSDB) e o governador M\u00e1rcio Fran\u00e7a (PSB) &#8220;estiveram com o presidente Temer, conversaram sobre o quadro mais geral do Brasil e depois me pediram para dar uma ligadinha, dar uma palavra com ele&#8221;.<\/p>\n<p>Foi o que fez, disse, conversou sobre o quadro geral do pa\u00eds. Segundo Alckmin, partidos que t\u00eam pr\u00e9-candidato postergar\u00e3o negocia\u00e7\u00f5es de alian\u00e7a at\u00e9 as conven\u00e7\u00f5es em julho.<\/p>\n<p>Em entrevista a jornalistas locais em entrevista na sede do PSDB em Teresina, negou suposta promessa de apoio do senador Ciro Nogueira (PP-PI) a ele, se inviabilizada a candidatura do ex-presidente Luiz Inacio Lula da Silva (PT).<\/p>\n<p>&#8220;Ciro Nogueira n\u00e3o me prometeu nenhum\u00a0apoio. O PP faz parte da nossa base de alian\u00e7a em SP, mas n\u00e3o houve essa promessa&#8221;, afirmou.<\/p>\n<p><strong>CARIRI EM A\u00c7\u00c3O<\/strong><\/p>\n<p>Com Folhapress\/Foto:\u00a0<i>Reprodu\u00e7\u00e3o google<\/i><\/p>\n<p>Leia mais not\u00edcias em\u00a0caririemacao.com, siga nossa p\u00e1gina no\u00a0Facebook,\u00a0Instagram\u00a0e\u00a0Youtube\u00a0e veja nossas mat\u00e9rias, v\u00eddeos e fotos. Voc\u00ea tamb\u00e9m pode enviar informa\u00e7\u00f5es \u00e0 Reda\u00e7\u00e3o do Portal Cariri em A\u00e7\u00e3o pelo WhatsApp (83) 9 9634.5791, (83) 9 9601-1162.<\/p>\n<\/div>\n<\/div>\n<\/div>\n","protected":false},"excerpt":{"rendered":"<p>Ap\u00f3s per\u00edodo de certo estremecimento na rela\u00e7\u00e3o, o presidenci\u00e1vel Geraldo Alckmin (PSDB) procurou o presidente Michel Temer (MDB) para iniciar conversas sobre poss\u00edvel alian\u00e7a para&hellip; <\/p>\n","protected":false},"author":2,"featured_media":50112,"comment_status":"closed","ping_status":"closed","sticky":false,"template":"","format":"standard","meta":{"sfsi_plus_gutenberg_text_before_share":"","sfsi_plus_gutenberg_show_text_before_share":"","sfsi_plus_gutenberg_icon_type":"","sfsi_plus_gutenberg_icon_alignemt":"","sfsi_plus_gutenburg_max_per_row":"","footnotes":""},"categories":[11],"tags":[],"class_list":["post-50111","post","type-post","status-publish","format-standard","has-post-thumbnail","hentry","category-politica"],"_links":{"self":[{"href":"https:\/\/www.caririemacao.com\/1\/wp-json\/wp\/v2\/posts\/50111","targetHints":{"allow":["GET"]}}],"collection":[{"href":"https:\/\/www.caririemacao.com\/1\/wp-json\/wp\/v2\/posts"}],"about":[{"href":"https:\/\/www.caririemacao.com\/1\/wp-json\/wp\/v2\/types\/post"}],"author":[{"embeddable":true,"href":"https:\/\/www.caririemacao.com\/1\/wp-json\/wp\/v2\/users\/2"}],"replies":[{"embeddable":true,"href":"https:\/\/www.caririemacao.com\/1\/wp-json\/wp\/v2\/comments?post=50111"}],"version-history":[{"count":0,"href":"https:\/\/www.caririemacao.com\/1\/wp-json\/wp\/v2\/posts\/50111\/revisions"}],"wp:featuredmedia":[{"embeddable":true,"href":"https:\/\/www.caririemacao.com\/1\/wp-json\/wp\/v2\/media\/50112"}],"wp:attachment":[{"href":"https:\/\/www.caririemacao.com\/1\/wp-json\/wp\/v2\/media?parent=50111"}],"wp:term":[{"taxonomy":"category","embeddable":true,"href":"https:\/\/www.caririemacao.com\/1\/wp-json\/wp\/v2\/categories?post=50111"},{"taxonomy":"post_tag","embeddable":true,"href":"https:\/\/www.caririemacao.com\/1\/wp-json\/wp\/v2\/tags?post=50111"}],"curies":[{"name":"wp","href":"https:\/\/api.w.org\/{rel}","templated":true}]}}