{"id":50115,"date":"2018-05-06T18:07:16","date_gmt":"2018-05-06T21:07:16","guid":{"rendered":"http:\/\/caririemacao.com\/1\/?p=50115"},"modified":"2018-05-06T18:10:48","modified_gmt":"2018-05-06T21:10:48","slug":"pm-apreende-arma-de-fogo-em-caraubas","status":"publish","type":"post","link":"https:\/\/www.caririemacao.com\/1\/2018\/05\/06\/pm-apreende-arma-de-fogo-em-caraubas\/","title":{"rendered":"PM apreende arma de fogo em Cara\u00fabas"},"content":{"rendered":"<p>A apreens\u00e3o ocorreu quando a Pol\u00edcia Militar recebeu informa\u00e7\u00e3o da 3\u00aa Cia de Serra Branca dizendo que no s\u00edtio Curralinho, munic\u00edpio de Cara\u00fabas, havia ocorrido uma ocorr\u00eancia de viol\u00eancia dom\u00e9stica.<\/p>\n<p>A guarni\u00e7\u00e3o composta pelo cb Almiberto e o SD Sheldon foram at\u00e9 a comunidade de Curralinho e ap\u00f3s colher informa\u00e7\u00f5es da suposta agress\u00e3o, constatou-se que se tratava de um desentendimento entre pai e filha, e que a v\u00edtima Camilla de F\u00e1tima Rodrigues de Lima havia sido agredida pelo seu genitor Nilson Rodrigues de Lima, o qual possu\u00eda uma arma de fogo calibre 12.<\/p>\n<p>A PM procurou saber da genitora onde Nilson se encontrava j\u00e1 que ele n\u00e3o estava na resid\u00eancia. No local, foi apreendida uma arma e entregue a Pol\u00edcia Civil de plant\u00e3o na cidade de Monteiro para as provid\u00eancias cab\u00edveis.<\/p>\n<p>Segundo o cabo Almiberto, o cano da arma estava adulterado e o propriet\u00e1rio deve responder conforme o artigo 16 do Estatuto do Desarmamento.<\/p>\n<p><strong>CARIRI EM A\u00c7\u00c3O<\/strong><\/p>\n<p><strong>Leia mais not\u00edcias em\u00a0caririemacao.com, siga nossa p\u00e1gina no\u00a0Facebook,\u00a0Instagram\u00a0e\u00a0Youtube\u00a0e veja nossas mat\u00e9rias, v\u00eddeos e fotos. Voc\u00ea tamb\u00e9m pode enviar informa\u00e7\u00f5es \u00e0 Reda\u00e7\u00e3o do Portal Cariri em A\u00e7\u00e3o pelo WhatsApp (83) 9 9634.5791, (83) 9 9601-1162.<\/strong><\/p>\n","protected":false},"excerpt":{"rendered":"<p>A apreens\u00e3o ocorreu quando a Pol\u00edcia Militar recebeu informa\u00e7\u00e3o da 3\u00aa Cia de Serra Branca dizendo que no s\u00edtio Curralinho, munic\u00edpio de Cara\u00fabas, havia ocorrido&hellip; <\/p>\n","protected":false},"author":2,"featured_media":50116,"comment_status":"closed","ping_status":"closed","sticky":false,"template":"","format":"standard","meta":{"sfsi_plus_gutenberg_text_before_share":"","sfsi_plus_gutenberg_show_text_before_share":"","sfsi_plus_gutenberg_icon_type":"","sfsi_plus_gutenberg_icon_alignemt":"","sfsi_plus_gutenburg_max_per_row":"","footnotes":""},"categories":[12],"tags":[],"class_list":["post-50115","post","type-post","status-publish","format-standard","has-post-thumbnail","hentry","category-policia"],"_links":{"self":[{"href":"https:\/\/www.caririemacao.com\/1\/wp-json\/wp\/v2\/posts\/50115","targetHints":{"allow":["GET"]}}],"collection":[{"href":"https:\/\/www.caririemacao.com\/1\/wp-json\/wp\/v2\/posts"}],"about":[{"href":"https:\/\/www.caririemacao.com\/1\/wp-json\/wp\/v2\/types\/post"}],"author":[{"embeddable":true,"href":"https:\/\/www.caririemacao.com\/1\/wp-json\/wp\/v2\/users\/2"}],"replies":[{"embeddable":true,"href":"https:\/\/www.caririemacao.com\/1\/wp-json\/wp\/v2\/comments?post=50115"}],"version-history":[{"count":0,"href":"https:\/\/www.caririemacao.com\/1\/wp-json\/wp\/v2\/posts\/50115\/revisions"}],"wp:featuredmedia":[{"embeddable":true,"href":"https:\/\/www.caririemacao.com\/1\/wp-json\/wp\/v2\/media\/50116"}],"wp:attachment":[{"href":"https:\/\/www.caririemacao.com\/1\/wp-json\/wp\/v2\/media?parent=50115"}],"wp:term":[{"taxonomy":"category","embeddable":true,"href":"https:\/\/www.caririemacao.com\/1\/wp-json\/wp\/v2\/categories?post=50115"},{"taxonomy":"post_tag","embeddable":true,"href":"https:\/\/www.caririemacao.com\/1\/wp-json\/wp\/v2\/tags?post=50115"}],"curies":[{"name":"wp","href":"https:\/\/api.w.org\/{rel}","templated":true}]}}