{"id":50120,"date":"2018-05-06T23:47:10","date_gmt":"2018-05-07T02:47:10","guid":{"rendered":"http:\/\/caririemacao.com\/1\/?p=50120"},"modified":"2018-05-07T00:12:43","modified_gmt":"2018-05-07T03:12:43","slug":"acidente-deixa-dois-monteirenses-feridos-em-sume","status":"publish","type":"post","link":"https:\/\/www.caririemacao.com\/1\/2018\/05\/06\/acidente-deixa-dois-monteirenses-feridos-em-sume\/","title":{"rendered":"Acidente deixa dois monteirenses feridos em Sum\u00e9"},"content":{"rendered":"<p>Por volta das 21h40 foi registrado na avenida primeiro de abril no Centro de Sum\u00e9 um acidente envolvendo um Carro e uma moto.<\/p>\n<p>No acidente, o carro uno fiat, cor azul fechou uma Moto que ia passando pr\u00f3xima a padaria Dona Bina, fazendo com que a moto batesse no carro e os jovens arremessados.<\/p>\n<p>Na Moto, estavam dois jovens monteirenses, o jovem Rafael, sobrinho do cantor de Dejinha de Monteiro e Geovane filho de Janeide. Ambos moradores do Alto da Bela Vista.\u00a0Geovane teve fraturas expostas na perna direita e Rafael algumas escoria\u00e7\u00f5es.<\/p>\n<p><a href=\"http:\/\/caririemacao.com\/1\/?attachment_id=50122\" rel=\"attachment wp-att-50122\"><img fetchpriority=\"high\" decoding=\"async\" class=\"aligncenter size-full wp-image-50122\" src=\"http:\/\/caririemacao.com\/1\/wp-content\/uploads\/2018\/05\/WhatsApp-Image-2018-05-06-at-22.13.46.jpeg\" alt=\"\" width=\"1032\" height=\"581\" srcset=\"https:\/\/www.caririemacao.com\/1\/wp-content\/uploads\/2018\/05\/WhatsApp-Image-2018-05-06-at-22.13.46.jpeg 1032w, https:\/\/www.caririemacao.com\/1\/wp-content\/uploads\/2018\/05\/WhatsApp-Image-2018-05-06-at-22.13.46-300x169.jpeg 300w, https:\/\/www.caririemacao.com\/1\/wp-content\/uploads\/2018\/05\/WhatsApp-Image-2018-05-06-at-22.13.46-768x432.jpeg 768w, https:\/\/www.caririemacao.com\/1\/wp-content\/uploads\/2018\/05\/WhatsApp-Image-2018-05-06-at-22.13.46-1024x576.jpeg 1024w\" sizes=\"(max-width: 1032px) 100vw, 1032px\" \/><\/a><\/p>\n<p>Os dois estavam conscientes e foram socorridos pelo Samu. Rafael para o hospital de Sum\u00e9 e Geovane para o Hospital de Traumas em Campina Grande.\u00a0O motorista do carro fugiu do local e n\u00e3o socorreu as v\u00edtimas.<\/p>\n<p><strong>CARIRI EM A\u00c7\u00c3O<\/strong><\/p>\n<p><strong>Leia mais not\u00edcias em\u00a0caririemacao.com, siga nossa p\u00e1gina no\u00a0Facebook,\u00a0Instagram\u00a0e\u00a0Youtube\u00a0e veja nossas mat\u00e9rias, v\u00eddeos e fotos. Voc\u00ea tamb\u00e9m pode enviar informa\u00e7\u00f5es \u00e0 Reda\u00e7\u00e3o do Portal Cariri em A\u00e7\u00e3o pelo WhatsApp (83) 9 9634.5791, (83) 9 9601-1162.<\/strong><\/p>\n","protected":false},"excerpt":{"rendered":"<p>Por volta das 21h40 foi registrado na avenida primeiro de abril no Centro de Sum\u00e9 um acidente envolvendo um Carro e uma moto. No acidente,&hellip; <\/p>\n","protected":false},"author":2,"featured_media":50121,"comment_status":"closed","ping_status":"closed","sticky":false,"template":"","format":"standard","meta":{"sfsi_plus_gutenberg_text_before_share":"","sfsi_plus_gutenberg_show_text_before_share":"","sfsi_plus_gutenberg_icon_type":"","sfsi_plus_gutenberg_icon_alignemt":"","sfsi_plus_gutenburg_max_per_row":"","footnotes":""},"categories":[12],"tags":[],"class_list":["post-50120","post","type-post","status-publish","format-standard","has-post-thumbnail","hentry","category-policia"],"_links":{"self":[{"href":"https:\/\/www.caririemacao.com\/1\/wp-json\/wp\/v2\/posts\/50120","targetHints":{"allow":["GET"]}}],"collection":[{"href":"https:\/\/www.caririemacao.com\/1\/wp-json\/wp\/v2\/posts"}],"about":[{"href":"https:\/\/www.caririemacao.com\/1\/wp-json\/wp\/v2\/types\/post"}],"author":[{"embeddable":true,"href":"https:\/\/www.caririemacao.com\/1\/wp-json\/wp\/v2\/users\/2"}],"replies":[{"embeddable":true,"href":"https:\/\/www.caririemacao.com\/1\/wp-json\/wp\/v2\/comments?post=50120"}],"version-history":[{"count":0,"href":"https:\/\/www.caririemacao.com\/1\/wp-json\/wp\/v2\/posts\/50120\/revisions"}],"wp:featuredmedia":[{"embeddable":true,"href":"https:\/\/www.caririemacao.com\/1\/wp-json\/wp\/v2\/media\/50121"}],"wp:attachment":[{"href":"https:\/\/www.caririemacao.com\/1\/wp-json\/wp\/v2\/media?parent=50120"}],"wp:term":[{"taxonomy":"category","embeddable":true,"href":"https:\/\/www.caririemacao.com\/1\/wp-json\/wp\/v2\/categories?post=50120"},{"taxonomy":"post_tag","embeddable":true,"href":"https:\/\/www.caririemacao.com\/1\/wp-json\/wp\/v2\/tags?post=50120"}],"curies":[{"name":"wp","href":"https:\/\/api.w.org\/{rel}","templated":true}]}}