{"id":50133,"date":"2018-05-07T07:40:16","date_gmt":"2018-05-07T10:40:16","guid":{"rendered":"http:\/\/caririemacao.com\/1\/?p=50133"},"modified":"2018-05-07T07:40:16","modified_gmt":"2018-05-07T10:40:16","slug":"cai-prazo-para-motoristas-com-deficiencia-pedirem-isencao","status":"publish","type":"post","link":"https:\/\/www.caririemacao.com\/1\/2018\/05\/07\/cai-prazo-para-motoristas-com-deficiencia-pedirem-isencao\/","title":{"rendered":"Cai prazo para motoristas com defici\u00eancia pedirem isen\u00e7\u00e3o"},"content":{"rendered":"<p>Em pouco mais de quatro meses de funcionamento, a nova plataforma eletr\u00f4nica da Receita Federal para processar os pedidos de isen\u00e7\u00e3o de impostos na compra de ve\u00edculos reduziu para 72 horas (tr\u00eas dias) o prazo de concess\u00e3o do benef\u00edcio.<\/p>\n<p>At\u00e9 o fim do ano passado, quando o processo era manual, pessoas com defici\u00eancia e taxistas levavam at\u00e9 100 dias para receberem a resposta.<\/p>\n<p>Segundo levantamento divulgado recentemente pela Receita, cerca de 200 mil pedidos de isen\u00e7\u00e3o de Imposto sobre Produtos Industrializados (IPI) e Imposto sobre Opera\u00e7\u00f5es Financeiras (IOF) deixar\u00e3o de ser protocolados a cada ano nas unidades de atendimento do Fisco. Desse total, 150 mil s\u00e3o de pessoas com defici\u00eancia e 50 mil de taxistas.<\/p>\n<p><a href=\"http:\/\/caririemacao.com\/1\/?attachment_id=50134\" rel=\"attachment wp-att-50134\"><img fetchpriority=\"high\" decoding=\"async\" class=\"aligncenter size-full wp-image-50134\" src=\"http:\/\/caririemacao.com\/1\/wp-content\/uploads\/2018\/05\/site_receita_federal_0.jpg\" alt=\"\" width=\"754\" height=\"502\" srcset=\"https:\/\/www.caririemacao.com\/1\/wp-content\/uploads\/2018\/05\/site_receita_federal_0.jpg 754w, https:\/\/www.caririemacao.com\/1\/wp-content\/uploads\/2018\/05\/site_receita_federal_0-300x200.jpg 300w\" sizes=\"(max-width: 754px) 100vw, 754px\" \/><\/a><\/p>\n<div class=\"dnd-widget-wrapper context-cheio_8colunas type-image\">\n<div class=\"dnd-caption-wrapper\">\n<div class=\"meta\">A nova plataforma eletr\u00f4nica da Receita Federal para processar os pedidos de isen\u00e7\u00e3o de impostos na compra de ve\u00edculos reduziu para 72 horas \u2013 Reprodu\u00e7\u00e3o\/Receita Federal<\/div>\n<\/div>\n<\/div>\n<p>A Receita recomenda que os motoristas que tenham entrado com processo f\u00edsico e ainda n\u00e3o tenham obtido a decis\u00e3o refa\u00e7am o pedido pela internet para reduzirem o tempo de resposta. Dispon\u00edvel na p\u00e1gina da Receita Federal na\u00a0internet, o\u00a0Sistema de Controle de Isen\u00e7\u00e3o de IPI\/IOF\u00a0(Sisen) foi lan\u00e7ado no fim de dezembro.<\/p>\n<p>De acordo com o Fisco, a rapidez do Sisen consiste na integra\u00e7\u00e3o de diversas bases de dados, como o Registro Nacional de Carteira de Habilita\u00e7\u00e3o (Renach), o Registro Nacional de Ve\u00edculos Automotores (Renavam) e bases internas da pr\u00f3pria Receita Federal, como o Cadastro de Pessoas F\u00edsicas (CPF) e as certid\u00f5es de contribuintes que devem tributos ou est\u00e3o inscritos na D\u00edvida Ativa da Uni\u00e3o.<\/p>\n<p>Anteriormente, o contribuinte tinha de ir a uma unidade da Receita pedir o benef\u00edcio. A verifica\u00e7\u00e3o manual das bases de dados retardava o processo. Em caso de rejei\u00e7\u00e3o do pedido ou de necessidade de o comprador do ve\u00edculo corrigir ou prestar informa\u00e7\u00f5es complementares, o prazo total levava at\u00e9 100 dias.<\/p>\n<p><strong>Documenta\u00e7\u00e3o<\/strong><\/p>\n<p>Por lei, taxistas e as pessoas com defici\u00eancia f\u00edsica, visual, mental (severa ou profunda) e com autismo t\u00eam direito \u00e0 isen\u00e7\u00e3o de impostos na aquisi\u00e7\u00e3o de ve\u00edculos.<\/p>\n<p>Para acessar a p\u00e1gina do Sisen, o usu\u00e1rio precisar\u00e1 de certificado digital de pessoa f\u00edsica (e-CPF) ou c\u00f3digo de acesso gerado no pr\u00f3prio site e diferente do usado no Centro Virtual de Atendimento da Receita (e-CAC). Para criar o c\u00f3digo \u00e9 necess\u00e1rio informar o n\u00famero dos \u00faltimos recibos da Declara\u00e7\u00e3o de Imposto de Renda Pessoa F\u00edsica ou o n\u00famero do t\u00edtulo de eleitor.<\/p>\n<p>Tamb\u00e9m s\u00e3o necess\u00e1rios laudos m\u00e9dicos emitidos por cl\u00ednicas credenciadas e, no caso de requerimento transmitido por tutor ou curador, certid\u00e3o de nascimento atualizada do benefici\u00e1rio com identifica\u00e7\u00e3o do respons\u00e1vel legal.<\/p>\n<p>Os taxistas precisam fornecer, entre outros documentos, o n\u00famero de registro da Carteira Nacional de Habilita\u00e7\u00e3o que conste a informa\u00e7\u00e3o de que o condutor utiliza o ve\u00edculo para desenvolver atividade remunerada, dados do ve\u00edculo anterior adquirido com isen\u00e7\u00e3o de IPI (exceto na primeira aquisi\u00e7\u00e3o) e ato constitutivo da cooperativa ou associa\u00e7\u00e3o profissional.<\/p>\n<p>Diferentemente da isen\u00e7\u00e3o de IPI, a isen\u00e7\u00e3o de IOF s\u00f3 pode ser pedida uma \u00fanica vez por contribuinte e n\u00e3o abrange pessoas com defici\u00eancia mental, visual ou com autismo, por falta de previs\u00e3o legal.<\/p>\n<p>As isen\u00e7\u00f5es de Imposto sobre a Propriedade de Ve\u00edculos Automotores (IPVA) e de Imposto sobre a Circula\u00e7\u00e3o de Mercadorias e Servi\u00e7os (ICMS) devem ser pedidas \u00e0 Secretaria de Fazenda de cada estado ou do Distrito Federal.<\/p>\n<div class=\"ssbp-set--one ssbp-wrap ssbp-- ssbp--theme-4\" data-ssbp-toggle=\"true\">\n<div class=\"ssbp-container\" data-ssbp-share-text=\"\" data-ssbp-url=\"https:\/\/paraibaonline.com.br\/2018\/05\/cai-prazo-para-motoristas-com-deficiencia-pedirem-isencao\/\" data-ssbp-title=\"Cai prazo para motoristas com defici\u00eancia pedirem isen\u00e7\u00e3o\" data-ssbp-short-url=\"\" data-ssbp-post-id=\"292589\">\n<p><strong>CARIRI EM A\u00c7\u00c3O<\/strong><\/p>\n<p>Com Para\u00edba online\/Foto: <i>Reprodu\u00e7\u00e3o google<\/i><\/p>\n<p>Leia mais not\u00edcias em\u00a0caririemacao.com, siga nossa p\u00e1gina no\u00a0Facebook,\u00a0Instagram\u00a0e\u00a0Youtube\u00a0e veja nossas mat\u00e9rias, v\u00eddeos e fotos. Voc\u00ea tamb\u00e9m pode enviar informa\u00e7\u00f5es \u00e0 Reda\u00e7\u00e3o do Portal Cariri em A\u00e7\u00e3o pelo WhatsApp (83) 9 9634.5791, (83) 9 9601-1162.<\/p>\n<\/div>\n<\/div>\n","protected":false},"excerpt":{"rendered":"<p>Em pouco mais de quatro meses de funcionamento, a nova plataforma eletr\u00f4nica da Receita Federal para processar os pedidos de isen\u00e7\u00e3o de impostos na compra&hellip; <\/p>\n","protected":false},"author":2,"featured_media":50135,"comment_status":"closed","ping_status":"closed","sticky":false,"template":"","format":"standard","meta":{"sfsi_plus_gutenberg_text_before_share":"","sfsi_plus_gutenberg_show_text_before_share":"","sfsi_plus_gutenberg_icon_type":"","sfsi_plus_gutenberg_icon_alignemt":"","sfsi_plus_gutenburg_max_per_row":"","footnotes":""},"categories":[2],"tags":[],"class_list":["post-50133","post","type-post","status-publish","format-standard","has-post-thumbnail","hentry","category-geral"],"_links":{"self":[{"href":"https:\/\/www.caririemacao.com\/1\/wp-json\/wp\/v2\/posts\/50133","targetHints":{"allow":["GET"]}}],"collection":[{"href":"https:\/\/www.caririemacao.com\/1\/wp-json\/wp\/v2\/posts"}],"about":[{"href":"https:\/\/www.caririemacao.com\/1\/wp-json\/wp\/v2\/types\/post"}],"author":[{"embeddable":true,"href":"https:\/\/www.caririemacao.com\/1\/wp-json\/wp\/v2\/users\/2"}],"replies":[{"embeddable":true,"href":"https:\/\/www.caririemacao.com\/1\/wp-json\/wp\/v2\/comments?post=50133"}],"version-history":[{"count":0,"href":"https:\/\/www.caririemacao.com\/1\/wp-json\/wp\/v2\/posts\/50133\/revisions"}],"wp:featuredmedia":[{"embeddable":true,"href":"https:\/\/www.caririemacao.com\/1\/wp-json\/wp\/v2\/media\/50135"}],"wp:attachment":[{"href":"https:\/\/www.caririemacao.com\/1\/wp-json\/wp\/v2\/media?parent=50133"}],"wp:term":[{"taxonomy":"category","embeddable":true,"href":"https:\/\/www.caririemacao.com\/1\/wp-json\/wp\/v2\/categories?post=50133"},{"taxonomy":"post_tag","embeddable":true,"href":"https:\/\/www.caririemacao.com\/1\/wp-json\/wp\/v2\/tags?post=50133"}],"curies":[{"name":"wp","href":"https:\/\/api.w.org\/{rel}","templated":true}]}}