{"id":50399,"date":"2018-05-09T08:27:28","date_gmt":"2018-05-09T11:27:28","guid":{"rendered":"http:\/\/caririemacao.com\/1\/?p=50399"},"modified":"2018-05-09T08:27:28","modified_gmt":"2018-05-09T11:27:28","slug":"desistencia-de-barbosa-poderia-favorecer-marina-e-bolsonaro-dizem-cientistas-politicos","status":"publish","type":"post","link":"https:\/\/www.caririemacao.com\/1\/2018\/05\/09\/desistencia-de-barbosa-poderia-favorecer-marina-e-bolsonaro-dizem-cientistas-politicos\/","title":{"rendered":"Desist\u00eancia de Barbosa poderia favorecer Marina e Bolsonaro, dizem cientistas pol\u00edticos"},"content":{"rendered":"<p>O an\u00fancio do ex-ministro do Supremo Tribunal Federal (STF) Joaquim Barbosa (PSB) de que n\u00e3o ser\u00e1 candidato \u00e0 Presid\u00eancia da Rep\u00fablica em outubro tende a favorecer as candidaturas de Marina Silva (Rede) e Jair Bolsonaro (PSL), segundo cientistas pol\u00edticos entrevistados pela BBC Brasil.<\/p>\n<p>Para eles, Bolsonaro e Marina &#8211; l\u00edderes nas pesquisas eleitorais em que o ex-presidente Luiz In\u00e1cio Lula da Silva n\u00e3o \u00e9 considerado &#8211; atraem eleitores que poderiam ser seduzidos por Barbosa e buscam um candidato de fora do mundo pol\u00edtico tradicional ou identificado com o discurso anticorrup\u00e7\u00e3o.<\/p>\n<p>O ex-ministro afirmou em sua conta no Twitter que a decis\u00e3o de n\u00e3o concorrer era estritamente pessoal e ocorria ap\u00f3s v\u00e1rias semanas de reflex\u00e3o.<\/p>\n<p>Barbosa alimentou especula\u00e7\u00f5es de que poderia se lan\u00e7ar \u00e0 Presid\u00eancia ao ingressar no PSB em abril, a um dia do prazo final para filia\u00e7\u00f5es de candidatos a cargos nas elei\u00e7\u00f5es de 2018.<\/p>\n<p>No dia 15 daquele m\u00eas, ele obteve entre 8% e 10% das inten\u00e7\u00f5es de voto numa pesquisa do Datafolha. Nos cen\u00e1rios em que a candidatura do ex-presidente Luiz In\u00e1cio Lula da Silva (PT) era desconsiderada, Barbosa ficou em terceiro lugar, em empate t\u00e9cnico com Ciro Gomes (PDT) e Geraldo Alckmin (PSDB) e atr\u00e1s de Jair Bolsonaro (PSL) e Marina Silva (Rede).<\/p>\n<p>O bom desempenho do ex-ministro mesmo antes de confirmar uma candidatura levou muitos analistas a avaliar que Barbosa tinha grande potencial, podendo atrair eleitores de diferentes campos pol\u00edticos.<\/p>\n<h3>Outsider e her\u00f3i anticorrup\u00e7\u00e3o<\/h3>\n<p>Para a cientista pol\u00edtica Esther Solano, professora da Universidade Federal de S\u00e3o Paulo (Unifesp), o ex-ministro simbolizava duas quest\u00f5es que ter\u00e3o peso na disputa deste ano: a luta anticorrup\u00e7\u00e3o e a rejei\u00e7\u00e3o a pol\u00edticos tradicionais.<\/p>\n<p>Solano diz que, ao conduzir no STF o processo do mensal\u00e3o, que levou \u00e0 pris\u00e3o altos dirigentes do governo Lula, em 2012, Barbosa se tornou um \u00edcone do combate \u00e0 corrup\u00e7\u00e3o.<\/p>\n<p>&#8220;Ele representou o que o (juiz federal S\u00e9rgio) Moro representa hoje: a ideia de um her\u00f3i messi\u00e2nico, expoente da moral, da \u00e9tica e dos princ\u00edpios.&#8221;<\/p>\n<p>Para Solano, Barbosa tamb\u00e9m pontuava bem nas consultas eleitorais por ser um outsider &#8211; uma figura alheia ao mundo pol\u00edtico. &#8220;Os pol\u00edticos profissionais hoje est\u00e3o muito desvalorizados, porque s\u00e3o vistos como atrelados \u00e0 corrup\u00e7\u00e3o.&#8221;<\/p>\n<p>Com o an\u00fancio de que o ex-ministro n\u00e3o se candidatar\u00e1, a professora diz acreditar que Bolsonaro tende a se beneficiar.<\/p>\n<p>&#8220;Ele tamb\u00e9m se coloca como um outsider, embora ele n\u00e3o seja, e como o \u00fanico candidato n\u00e3o envolvido com corrup\u00e7\u00e3o.&#8221;<\/p>\n<p>Solano diz que Marina tamb\u00e9m pode, em menor grau, absorver potenciais eleitores de Barbosa, por ser vista por muitos como alheia aos partidos tradicionais e n\u00e3o envolvida com corrup\u00e7\u00e3o. Segundo Solano, Marina tamb\u00e9m pode agradar eleitores que pendiam para Barbosa por v\u00ea-lo como algu\u00e9m capaz de superar a polariza\u00e7\u00e3o entre esquerda e direita.<\/p>\n<p>Desde que deixou o PT, em 2009, a ex-ministra do Meio Ambiente vem se movendo para o centro do campo pol\u00edtico, segundo analistas. No segundo turno da elei\u00e7\u00e3o de 2014, ela apoiou o candidato do PSDB, A\u00e9cio Neves.<\/p>\n<h3>Consolida\u00e7\u00e3o de candidaturas<\/h3>\n<p>Para Geraldo Tadeu Monteiro, coordenador do Centro Brasileiro de Estudos e Pesquisas sobre a Democracia (Cebrad), da Universidade do Estado do Rio de Janeiro (Uerj), Barbosa desiste de concorrer num momento de intensa negocia\u00e7\u00e3o entre os partidos.<\/p>\n<p>Nos \u00faltimos dias, o MDB sinalizou que poder\u00e1 apoiar a candidatura de Geraldo Alckmin, do PSDB; o ex-governador baiano Jaques Wagner, do PT, disse que seu partido poderia apoiar Ciro Gomes, do PDT, ao mesmo tempo em que outros dirigentes do PT reiteram a candidatura Lula; e o senador e pr\u00e9-candidato \u00c1lvaro Dias (Podemos) defendeu uma alian\u00e7a com o empres\u00e1rio Fl\u00e1vio Rocha (PRB), tamb\u00e9m pr\u00e9-candidato.<\/p>\n<p>Para Monteiro, a sa\u00edda de Barbosa &#8220;joga o PSB nessas conversas&#8221;. Ele diz que h\u00e1 dois caminhos principais para o partido: reeditar a alian\u00e7a com Marina Silva, que vigorou na elei\u00e7\u00e3o de 2014, ou integrar uma poss\u00edvel coaliz\u00e3o de esquerda em torno de Ciro Gomes &#8211; op\u00e7\u00e3o que ele considera mais prov\u00e1vel.<\/p>\n<p>Em entrevista \u00e0 &#8220;Folha de S\u00e3o Paulo&#8221; nesta ter\u00e7a-feira, o governador do Maranh\u00e3o, Fl\u00e1vio Dino (PCdoB), deu mais um empurr\u00e3o \u00e0 candidatura de Ciro ao defender que os partidos de esquerda apoiem o pol\u00edtico cearense.<\/p>\n<p>Segundo Monteiro, \u00e0 parte os impactos do an\u00fancio de Barbosa nas negocia\u00e7\u00f5es partid\u00e1rias, o gesto deve favorecer Marina Silva.<\/p>\n<p>Para o professor, a ex-ministra &#8220;trafega na mesma faixa que Barbosa&#8221;, vista como uma pol\u00edtica ao centro do espectro pol\u00edtico e de origem humilde.<\/p>\n<h3>Embaralhamento<\/h3>\n<p>Para Fl\u00e1via Biroli, professora de Ci\u00eancia Pol\u00edtica da Universidade de Bras\u00edlia (UnB), \u00e9 dif\u00edcil avaliar os impactos da desist\u00eancia de Barbosa para os demais postulantes ao Planalto, pois a candidatura do ex-ministro jamais se consolidou e pouco se sabe sobre seus potenciais eleitores.<\/p>\n<p>Ela diz que o an\u00fancio de Barbosa afeta uma articula\u00e7\u00e3o que estava em curso no movimento negro. &#8220;Havia a possibilidade de que a presen\u00e7a de um homem negro na disputa pudesse atrair esse segmento, tradicionalmente posicionado na centro-esquerda.&#8221;<\/p>\n<p>Para Biroli, a presen\u00e7a de Barbosa embaralhava a disputa, j\u00e1 que ele jamais detalhou suas posturas pol\u00edticas.<\/p>\n<p>&#8220;\u00c9 poss\u00edvel que, n\u00e3o existindo sua candidatura, tenhamos um cen\u00e1rio um pouco mais claro em termos de centro-direita e centro-esquerda.&#8221;<\/p>\n<p><strong>CARIRI EM A\u00c7\u00c3O<\/strong><\/p>\n<p><em>Com BBC Brasil \/Foto: Reprodu\u00e7\u00e3o Internet<\/em><\/p>\n<p><strong>Leia mais not\u00edcias em\u00a0<\/strong><a href=\"http:\/\/www.caririemacao.com\/\"><strong>caririemacao.com<\/strong><\/a><strong>, siga nossa p\u00e1gina no\u00a0<\/strong><a href=\"https:\/\/www.facebook.com\/CaririEmAcao\/?ref=aymt_homepage_panel\"><strong>Facebook<\/strong><\/a>,<strong>\u00a0<\/strong><a href=\"https:\/\/www.instagram.com\/cariri_em_acao\/?hl=pt-br\"><strong>Instagram<\/strong><\/a><strong>\u00a0e\u00a0<\/strong><a href=\"https:\/\/www.youtube.com\/channel\/UCAptA0jQuYQy8vMhLt2m4qg\"><strong>Youtube<\/strong><\/a><strong>\u00a0e veja nossas mat\u00e9rias, v\u00eddeos e fotos. Voc\u00ea tamb\u00e9m pode enviar informa\u00e7\u00f5es \u00e0 Reda\u00e7\u00e3o do Portal Cariri em A\u00e7\u00e3o pelo WhatsApp (83) 9 9634.5791, (83) 9 9601-1162.<\/strong><\/p>\n","protected":false},"excerpt":{"rendered":"<p>O an\u00fancio do ex-ministro do Supremo Tribunal Federal (STF) Joaquim Barbosa (PSB) de que n\u00e3o ser\u00e1 candidato \u00e0 Presid\u00eancia da Rep\u00fablica em outubro tende a&hellip; <\/p>\n","protected":false},"author":2,"featured_media":50400,"comment_status":"closed","ping_status":"closed","sticky":false,"template":"","format":"standard","meta":{"sfsi_plus_gutenberg_text_before_share":"","sfsi_plus_gutenberg_show_text_before_share":"","sfsi_plus_gutenberg_icon_type":"","sfsi_plus_gutenberg_icon_alignemt":"","sfsi_plus_gutenburg_max_per_row":"","footnotes":""},"categories":[11],"tags":[],"class_list":["post-50399","post","type-post","status-publish","format-standard","has-post-thumbnail","hentry","category-politica"],"_links":{"self":[{"href":"https:\/\/www.caririemacao.com\/1\/wp-json\/wp\/v2\/posts\/50399","targetHints":{"allow":["GET"]}}],"collection":[{"href":"https:\/\/www.caririemacao.com\/1\/wp-json\/wp\/v2\/posts"}],"about":[{"href":"https:\/\/www.caririemacao.com\/1\/wp-json\/wp\/v2\/types\/post"}],"author":[{"embeddable":true,"href":"https:\/\/www.caririemacao.com\/1\/wp-json\/wp\/v2\/users\/2"}],"replies":[{"embeddable":true,"href":"https:\/\/www.caririemacao.com\/1\/wp-json\/wp\/v2\/comments?post=50399"}],"version-history":[{"count":0,"href":"https:\/\/www.caririemacao.com\/1\/wp-json\/wp\/v2\/posts\/50399\/revisions"}],"wp:featuredmedia":[{"embeddable":true,"href":"https:\/\/www.caririemacao.com\/1\/wp-json\/wp\/v2\/media\/50400"}],"wp:attachment":[{"href":"https:\/\/www.caririemacao.com\/1\/wp-json\/wp\/v2\/media?parent=50399"}],"wp:term":[{"taxonomy":"category","embeddable":true,"href":"https:\/\/www.caririemacao.com\/1\/wp-json\/wp\/v2\/categories?post=50399"},{"taxonomy":"post_tag","embeddable":true,"href":"https:\/\/www.caririemacao.com\/1\/wp-json\/wp\/v2\/tags?post=50399"}],"curies":[{"name":"wp","href":"https:\/\/api.w.org\/{rel}","templated":true}]}}