{"id":50402,"date":"2018-05-09T08:29:02","date_gmt":"2018-05-09T11:29:02","guid":{"rendered":"http:\/\/caririemacao.com\/1\/?p=50402"},"modified":"2018-05-09T08:29:02","modified_gmt":"2018-05-09T11:29:02","slug":"celulares-piratas-serao-bloqueados-em-parte-do-brasil-nesta-quarta-feira","status":"publish","type":"post","link":"https:\/\/www.caririemacao.com\/1\/2018\/05\/09\/celulares-piratas-serao-bloqueados-em-parte-do-brasil-nesta-quarta-feira\/","title":{"rendered":"Celulares piratas ser\u00e3o bloqueados em parte do Brasil nesta quarta-feira"},"content":{"rendered":"<p>Os celulares irregulares habilitados a partir do dia 22 de fevereiro no Distrito Federal e em Goi\u00e1s ser\u00e3o bloqueados nesta quarta-feira (09), conforme decis\u00e3o da Anatel (Ag\u00eancia Nacional de Telecomunica\u00e7\u00f5es). Os usu\u00e1rios que possuem aparelhos irregulares habilitados antes de 22 de fevereiro n\u00e3o ser\u00e3o desconectados.<\/p>\n<p>Nesta ter\u00e7a-feira (08), v\u00e9spera do bloqueio, o celular irregular ir\u00e1 receber o seguinte SMS: \u201cOperadora avisa: Este celular IMEI XXXXXXXXXXXXXXX \u00e9 irregular e deixar\u00e1 de funcionar nas redes celulares\u201d.<\/p>\n<p>Segundo a Anatel, aparelhos irregulares podem ser perigosos para a sa\u00fade do usu\u00e1rio por apresentarem grande quantidade de chumbo e c\u00e1dmio, n\u00e3o possu\u00edrem garantias em rela\u00e7\u00e3o a limites de radia\u00e7\u00f5es eletromagn\u00e9ticas e utilizarem materiais de baixa qualidade, como baterias e carregadores mais sujeitos a quebras. Al\u00e9m disso, eles tendem a apresentar problemas de queda de chamadas e falhas na conex\u00e3o de dados.<\/p>\n<p>A estimativa \u00e9 de que um milh\u00e3o de novos aparelhos irregulares entrem nas redes das prestadoras mensalmente.<\/p>\n<p><strong>Como saber se seu celular est\u00e1 irregular?<\/strong><\/p>\n<p>Cada celular tem um n\u00famero de identifica\u00e7\u00e3o \u00fanico e global, chamado de IMEI. No Portal da\u00a0Anatel, o usu\u00e1rio poder\u00e1 verificar a\u00a0situa\u00e7\u00e3o do IMEI.<\/p>\n<p>A\u00a0Anatel\u00a0destaca que o consumidor deve verificar, antes de comprar um celular, se o n\u00famero que aparece na caixa, o n\u00famero do selo e o n\u00famero que aparece ao discar *#06# s\u00e3o os mesmos. Caso os n\u00fameros apresentados sejam diferentes, h\u00e1 uma grande chance de o aparelho ser irregular.<\/p>\n<p><strong>Cronograma de implanta\u00e7\u00e3o<\/strong><\/p>\n<p>Distrito Federal e Goi\u00e1s &#8211; O bloqueio dos aparelhos irregulares nessas localidades come\u00e7a no dia 9 de maio. Entre 8 de agosto e 22 de setembro, ocorrer\u00e1 a fase de avalia\u00e7\u00e3o das medidas adotadas.<\/p>\n<p>Acre, Rond\u00f4nia, S\u00e3o Paulo, Tocantins, Regi\u00e3o Sul e demais estados da Regi\u00e3o Centro-Oeste \u2013 Mensagens aos usu\u00e1rios de aparelhos irregulares ser\u00e3o encaminhadas a partir de 23 de setembro. O bloqueio dos aparelhos ser\u00e1 feito a partir de 8 de dezembro. A medida vale para aparelhos irregulares habilitados a partir de 23 de setembro.?<\/p>\n<p>Regi\u00e3o Nordeste e demais estados das Regi\u00f5es Norte e Sudeste \u2013 Encaminhamento de mensagens aos usu\u00e1rios a partir de 7 de janeiro de 2019 e bloqueio dos aparelhos a partir de 24 de mar\u00e7o do pr\u00f3ximo ano. A medida vale para aparelhos irregulares habilitados a partir de 7 de janeiro de 2019.<\/p>\n<p><strong>Aparelhos estrangeiros<\/strong><\/p>\n<p>Celulares comprados no exterior v\u00e3o continuar funcionando no Brasil, desde que sejam certificados por organismos estrangeiros de certifica\u00e7\u00e3o equivalentes \u00e0 ag\u00eancia reguladora. N\u00e3o ser\u00e3o apontados como irregulares os equipamentos adquiridos por particulares no exterior que, apesar de ainda n\u00e3o certificados no Brasil, tenham por origem fabricantes leg\u00edtimos.<\/p>\n<p><strong>CARIRI EM A\u00c7\u00c3O<\/strong><\/p>\n<p><em>Com MSN\/Foto: Reprodu\u00e7\u00e3o Internet<\/em><\/p>\n<p><strong>Leia mais not\u00edcias em\u00a0<\/strong><a href=\"http:\/\/www.caririemacao.com\/\"><strong>caririemacao.com<\/strong><\/a><strong>, siga nossa p\u00e1gina no\u00a0<\/strong><a href=\"https:\/\/www.facebook.com\/CaririEmAcao\/?ref=aymt_homepage_panel\"><strong>Facebook<\/strong><\/a>,<strong>\u00a0<\/strong><a href=\"https:\/\/www.instagram.com\/cariri_em_acao\/?hl=pt-br\"><strong>Instagram<\/strong><\/a><strong>\u00a0e\u00a0<\/strong><a href=\"https:\/\/www.youtube.com\/channel\/UCAptA0jQuYQy8vMhLt2m4qg\"><strong>Youtube<\/strong><\/a><strong>\u00a0e veja nossas mat\u00e9rias, v\u00eddeos e fotos. Voc\u00ea tamb\u00e9m pode enviar informa\u00e7\u00f5es \u00e0 Reda\u00e7\u00e3o do Portal Cariri em A\u00e7\u00e3o pelo WhatsApp (83) 9 9634.5791, (83) 9 9601-1162.<\/strong><\/p>\n","protected":false},"excerpt":{"rendered":"<p>Os celulares irregulares habilitados a partir do dia 22 de fevereiro no Distrito Federal e em Goi\u00e1s ser\u00e3o bloqueados nesta quarta-feira (09), conforme decis\u00e3o da&hellip; <\/p>\n","protected":false},"author":2,"featured_media":33937,"comment_status":"closed","ping_status":"closed","sticky":false,"template":"","format":"standard","meta":{"sfsi_plus_gutenberg_text_before_share":"","sfsi_plus_gutenberg_show_text_before_share":"","sfsi_plus_gutenberg_icon_type":"","sfsi_plus_gutenberg_icon_alignemt":"","sfsi_plus_gutenburg_max_per_row":"","footnotes":""},"categories":[2],"tags":[],"class_list":["post-50402","post","type-post","status-publish","format-standard","has-post-thumbnail","hentry","category-geral"],"_links":{"self":[{"href":"https:\/\/www.caririemacao.com\/1\/wp-json\/wp\/v2\/posts\/50402","targetHints":{"allow":["GET"]}}],"collection":[{"href":"https:\/\/www.caririemacao.com\/1\/wp-json\/wp\/v2\/posts"}],"about":[{"href":"https:\/\/www.caririemacao.com\/1\/wp-json\/wp\/v2\/types\/post"}],"author":[{"embeddable":true,"href":"https:\/\/www.caririemacao.com\/1\/wp-json\/wp\/v2\/users\/2"}],"replies":[{"embeddable":true,"href":"https:\/\/www.caririemacao.com\/1\/wp-json\/wp\/v2\/comments?post=50402"}],"version-history":[{"count":0,"href":"https:\/\/www.caririemacao.com\/1\/wp-json\/wp\/v2\/posts\/50402\/revisions"}],"wp:featuredmedia":[{"embeddable":true,"href":"https:\/\/www.caririemacao.com\/1\/wp-json\/wp\/v2\/media\/33937"}],"wp:attachment":[{"href":"https:\/\/www.caririemacao.com\/1\/wp-json\/wp\/v2\/media?parent=50402"}],"wp:term":[{"taxonomy":"category","embeddable":true,"href":"https:\/\/www.caririemacao.com\/1\/wp-json\/wp\/v2\/categories?post=50402"},{"taxonomy":"post_tag","embeddable":true,"href":"https:\/\/www.caririemacao.com\/1\/wp-json\/wp\/v2\/tags?post=50402"}],"curies":[{"name":"wp","href":"https:\/\/api.w.org\/{rel}","templated":true}]}}