{"id":50404,"date":"2018-05-09T08:31:41","date_gmt":"2018-05-09T11:31:41","guid":{"rendered":"http:\/\/caririemacao.com\/1\/?p=50404"},"modified":"2018-05-09T08:31:41","modified_gmt":"2018-05-09T11:31:41","slug":"lava-jato-mira-contrato-que-odebrecht-diz-ter-tratado-com-temer-em-2010","status":"publish","type":"post","link":"https:\/\/www.caririemacao.com\/1\/2018\/05\/09\/lava-jato-mira-contrato-que-odebrecht-diz-ter-tratado-com-temer-em-2010\/","title":{"rendered":"Lava Jato mira contrato que Odebrecht diz ter tratado com Temer em 2010"},"content":{"rendered":"<p>O contrato da\u00a0Petrobras\u00a0investigado na 51\u00aa fase da\u00a0Opera\u00e7\u00e3o Lava Jato, a D\u00e9j\u00e0 Vu, deflagrada nesta ter\u00e7a-feira (8), foi citado na dela\u00e7\u00e3o premiada de um executivo da\u00a0Odebrecht\u00a0como tema de uma reuni\u00e3o em 2010 entre membros da empreiteira e a \u201cc\u00fapula do MDB\u201d, que aconteceu no escrit\u00f3rio pol\u00edtico do presidente\u00a0Michel Temer, em S\u00e3o Paulo. Segundo o ex-presidente da Odebrecht Engenharia Industrial\u00a0M\u00e1rcio Faria, o encontro selou a promessa de que a empreiteira repassaria ao partido 5% dos 825,6 milh\u00f5es de d\u00f3lares do contrato para recupera\u00e7\u00e3o, constru\u00e7\u00e3o e montagem de ativos de seguran\u00e7a, meio ambiente e sa\u00fade (SMS) da estatal em nove pa\u00edses. O valor combinado, disse Faria, foi de 40 milh\u00f5es de d\u00f3lares.<\/p>\n<p>O delator afirmou \u00e0 Procuradoria-Geral da Rep\u00fablica (PGR) que, desde o in\u00edcio do processo licitat\u00f3rio para a contrata\u00e7\u00e3o, houve um direcionamento para que a Odebrecht fosse a vencedora do certame. Conforme Faria, seu subordinado na subsidi\u00e1ria da Petrobras, Rog\u00e9rio Santos de Ara\u00fajo, foi procurado pelo ex-gerente da Petrobras Alu\u00edsio Teles, preso nesta ter\u00e7a-feira, que prop\u00f4s beneficiar a empreiteira com informa\u00e7\u00f5es privilegiadas em troca de 3% de propina.<\/p>\n<p>M\u00e1rcio Faria relatou, no entanto, que mesmo com sua concord\u00e2ncia em pagar a vantagem indevida e ap\u00f3s a comiss\u00e3o de licita\u00e7\u00e3o da Petrobras recomendar a assinatura do contrato, a Diretoria Internacional da estatal n\u00e3o havia concretizado o neg\u00f3cio e protelava a contrata\u00e7\u00e3o. A pasta era ocupada por Jorge Zelada, indicado pelo MDB ao cargo. Foi neste momento, segundo Faria, que o lobista Jo\u00e3o Augusto Henriques, ligado ao partido, procurou Rog\u00e9rio Ara\u00fajo e lhe informou de que a empreiteira deveria pagar 5% de propina.<\/p>\n<p>O convite para a reuni\u00e3o em S\u00e3o Paulo, conforme o delator, veio depois do pedido de Henriques. O endere\u00e7o indicado pelo lobista para o encontro, marcado para 15 de julho de 2010, foi o da casa de Michel Temer na Pra\u00e7a Panamericana, no Alto de Pinheiros, Zona Oeste da capital paulista. \u201cChegando l\u00e1 eu soube que se tratava do escrit\u00f3rio pol\u00edtico do seu Michel Temer, \u00e0 \u00e9poca candidato \u00e0 Vice-Presid\u00eancia da Rep\u00fablica na chapa com a Dilma\u201d, disse o delator.<\/p>\n<p>M\u00e1rcio Faria relatou que tamb\u00e9m participaram da reuni\u00e3o, al\u00e9m de Temer, os ex-deputados federais\u00a0Eduardo Cunha\u00a0(MDB-RJ) e\u00a0Henrique Eduardo Alves(MDB-RN) e o lobista\u00a0Jo\u00e3o Augusto Henriques. O presidente se sentou \u00e0 cabeceira da mesa, conforme o depoimento do delator, mas quem falou sobre a propina foi Cunha, preso desde outubro de 2016.<\/p>\n<p>\u201cPassadas as amenidades, o Eduardo Cunha tomou a palavra, falou: \u2018olha, o pessoal t\u00e1 no processo de contrata\u00e7\u00e3o do PAC-SMS com a Petrobras, Diretoria Internacional, e tem o compromisso que, se realmente for assinado o contrato, vai ter uma contribui\u00e7\u00e3o muito importante ara o partido\u2019. Olhando pra mim, porque eu \u00e9 que teria que confirmar esse entendimento. Fui l\u00e1 para \u2018aben\u00e7oar\u2019 esse compromisso. Eu falei \u2018exatamente, estou de acordo, n\u00f3s vamos contribuir com o que o deputado falou\u2019\u201d, disse M\u00e1rcio Faria.<\/p>\n<p>Indagado pelos procuradores que colheram seus depoimentos sobre a legalidade dos recursos, o ex-executivo foi taxativo: \u201ctotalmente como vantagem indevida, porque era um percentual em cima de um contrato. Ningu\u00e9m falou de diret\u00f3rio, seja municipal, estadual ou federal, nada, era um percentual de um valor determinado no contrato\u201d.<\/p>\n<p>Ainda conforme M\u00e1rcio Faria, o valor em propina foi pago por meio de valores em esp\u00e9cie no Brasil e em contas de operadores no exterior. Ele citou o nome de \u00c2ngelo Tadeu Lauria, tamb\u00e9m detido na Opera\u00e7\u00e3o D\u00e9j\u00e0 Vu, como o encarregado de receber os valores do departamento de propinas da Odebrecht.<\/p>\n<p>Na coletiva de imprensa em que a for\u00e7a-tarefa da Opera\u00e7\u00e3o Lava Jato detalhou as investiga\u00e7\u00f5es da a\u00e7\u00e3o deflagrada hoje, o procurador Roberson Pozzobon explicou que a apura\u00e7\u00e3o em primeira inst\u00e2ncia s\u00f3 pode atingir pessoas sem foro privilegiado.<\/p>\n<p>\u201cA gente n\u00e3o pode usurpar das nossas atividades para investigar pessoas que s\u00e3o investigadas no Supremo Tribunal Federal. Mas, ao mesmo tempo, n\u00e3o podemos deixar aqueles que n\u00e3o t\u00eam foro n\u00e3o serem investigados e serem beneficiados pela n\u00e3o atua\u00e7\u00e3o do Estado. A nossa atua\u00e7\u00e3o aqui se d\u00e1 para investigar todos aqueles que est\u00e3o sob o nosso alcance de atribui\u00e7\u00e3o e compet\u00eancia\u201d, declarou.<\/p>\n<p>\u00c0 \u00e9poca da divulga\u00e7\u00e3o das dela\u00e7\u00f5es premiadas da Odebrecht, em abril de 2017, a Secretaria de Comunica\u00e7\u00e3o Social da Presid\u00eancia da Rep\u00fablica afirmou que Michel Temer \u201cjamais tratou de valores com o senhor M\u00e1rcio Faria\u201d e que eles estiveram juntos em 2010 em uma conversa \u201cr\u00e1pida e superficial\u201d.<\/p>\n<p>\u201cA narrativa divulgada n\u00e3o corresponde aos fatos e est\u00e1 baseada em uma mentira absoluta. Nunca aconteceu encontro em que estivesse presente o ex-presidente da C\u00e2mara, Henrique Alves, com tais participantes. O que realmente ocorreu foi que, em 2010, na cidade de S\u00e3o Paulo, Faria foi levado ao presidente pelo ent\u00e3o deputado Eduardo Cunha. A conversa, r\u00e1pida e superficial, n\u00e3o versou sobre valores ou contratos na Petrobras (\u2026) O presidente contesta de forma categ\u00f3rica qualquer envolvimento de seu nome em neg\u00f3cios escusos. Nunca atuou em defesa de interesses particulares na Petrobras, nem defendeu pagamento de valores indevidos a terceiros\u201d.<\/p>\n<p><strong>CARIRI EM A\u00c7\u00c3O<\/strong><\/p>\n<p><em>Com Veja\/Foto: Reprodu\u00e7\u00e3o Internet<\/em><\/p>\n<p><strong>Leia mais not\u00edcias em\u00a0<\/strong><a href=\"http:\/\/www.caririemacao.com\/\"><strong>caririemacao.com<\/strong><\/a><strong>, siga nossa p\u00e1gina no\u00a0<\/strong><a href=\"https:\/\/www.facebook.com\/CaririEmAcao\/?ref=aymt_homepage_panel\"><strong>Facebook<\/strong><\/a>,<strong>\u00a0<\/strong><a href=\"https:\/\/www.instagram.com\/cariri_em_acao\/?hl=pt-br\"><strong>Instagram<\/strong><\/a><strong>\u00a0e\u00a0<\/strong><a href=\"https:\/\/www.youtube.com\/channel\/UCAptA0jQuYQy8vMhLt2m4qg\"><strong>Youtube<\/strong><\/a><strong>\u00a0e veja nossas mat\u00e9rias, v\u00eddeos e fotos. Voc\u00ea tamb\u00e9m pode enviar informa\u00e7\u00f5es \u00e0 Reda\u00e7\u00e3o do Portal Cariri em A\u00e7\u00e3o pelo WhatsApp (83) 9 9634.5791, (83) 9 9601-1162.<\/strong><\/p>\n","protected":false},"excerpt":{"rendered":"<p>O contrato da\u00a0Petrobras\u00a0investigado na 51\u00aa fase da\u00a0Opera\u00e7\u00e3o Lava Jato, a D\u00e9j\u00e0 Vu, deflagrada nesta ter\u00e7a-feira (8), foi citado na dela\u00e7\u00e3o premiada de um executivo da\u00a0Odebrecht\u00a0como&hellip; <\/p>\n","protected":false},"author":2,"featured_media":50405,"comment_status":"closed","ping_status":"closed","sticky":false,"template":"","format":"standard","meta":{"sfsi_plus_gutenberg_text_before_share":"","sfsi_plus_gutenberg_show_text_before_share":"","sfsi_plus_gutenberg_icon_type":"","sfsi_plus_gutenberg_icon_alignemt":"","sfsi_plus_gutenburg_max_per_row":"","footnotes":""},"categories":[11],"tags":[],"class_list":["post-50404","post","type-post","status-publish","format-standard","has-post-thumbnail","hentry","category-politica"],"_links":{"self":[{"href":"https:\/\/www.caririemacao.com\/1\/wp-json\/wp\/v2\/posts\/50404","targetHints":{"allow":["GET"]}}],"collection":[{"href":"https:\/\/www.caririemacao.com\/1\/wp-json\/wp\/v2\/posts"}],"about":[{"href":"https:\/\/www.caririemacao.com\/1\/wp-json\/wp\/v2\/types\/post"}],"author":[{"embeddable":true,"href":"https:\/\/www.caririemacao.com\/1\/wp-json\/wp\/v2\/users\/2"}],"replies":[{"embeddable":true,"href":"https:\/\/www.caririemacao.com\/1\/wp-json\/wp\/v2\/comments?post=50404"}],"version-history":[{"count":0,"href":"https:\/\/www.caririemacao.com\/1\/wp-json\/wp\/v2\/posts\/50404\/revisions"}],"wp:featuredmedia":[{"embeddable":true,"href":"https:\/\/www.caririemacao.com\/1\/wp-json\/wp\/v2\/media\/50405"}],"wp:attachment":[{"href":"https:\/\/www.caririemacao.com\/1\/wp-json\/wp\/v2\/media?parent=50404"}],"wp:term":[{"taxonomy":"category","embeddable":true,"href":"https:\/\/www.caririemacao.com\/1\/wp-json\/wp\/v2\/categories?post=50404"},{"taxonomy":"post_tag","embeddable":true,"href":"https:\/\/www.caririemacao.com\/1\/wp-json\/wp\/v2\/tags?post=50404"}],"curies":[{"name":"wp","href":"https:\/\/api.w.org\/{rel}","templated":true}]}}