{"id":50409,"date":"2018-05-09T08:35:39","date_gmt":"2018-05-09T11:35:39","guid":{"rendered":"http:\/\/caririemacao.com\/1\/?p=50409"},"modified":"2018-05-09T08:35:39","modified_gmt":"2018-05-09T11:35:39","slug":"divulgada-lista-de-aprovados-na-primeira-fase-do-concurso-da-policia-militar-da-paraiba","status":"publish","type":"post","link":"https:\/\/www.caririemacao.com\/1\/2018\/05\/09\/divulgada-lista-de-aprovados-na-primeira-fase-do-concurso-da-policia-militar-da-paraiba\/","title":{"rendered":"Divulgada lista de aprovados na primeira fase do Concurso da Pol\u00edcia Militar da Para\u00edba"},"content":{"rendered":"<p>Os nomes dos candidatos habilitados para a pr\u00f3xima fase do Concurso da Pol\u00edcia Militar e Corpo de Bombeiros Militar da Para\u00edba foram divulgados nesta ter\u00e7a-feira (8), conforme havia sido anunciado anteriormente. Foram quase 80 mil candidatos inscritos para uma das mil vagas disponibilizadas pelas institui\u00e7\u00f5es. Na lista dos habilitados, ser\u00e3o convocados 2 mil candidatos, ou seja, duas vezes o n\u00famero de vagas, para o exame psicot\u00e9cnico, que est\u00e1 previsto para acontecer nos dias 19 e 20 de maio.<\/p>\n<p>A lista com os nomes dos candidatos est\u00e1 dispon\u00edvel no site do Instituto Brasileiro de Forma\u00e7\u00e3o e Capacita\u00e7\u00e3o (IBFC) no\u00a0link\u00a0<a href=\"https:\/\/www.ibfc.org.br\/concurso\/concurso_selecionado\/323\" data-saferedirecturl=\"https:\/\/www.google.com\/url?hl=pt-BR&amp;q=https:\/\/www.ibfc.org.br\/concurso\/concurso_selecionado\/323&amp;source=gmail&amp;ust=1525900435628000&amp;usg=AFQjCNF93bWCQt9z3xHo6BzjSQ9j8EjxTg\">https:\/\/www.ibfc.org.br\/concurso\/concurso_selecionado\/323<\/a>. Ainda conforme o edital, as demais etapas do processo de sele\u00e7\u00e3o est\u00e3o previstas para acontecerem nos dias 18 de junho (exame de sa\u00fade), e 19 e 20 de junho (teste de aptid\u00e3o f\u00edsica), todos de car\u00e1ter eliminat\u00f3rio.<\/p>\n<p>Para os exames de sa\u00fade, o candidato deve providenciar todos os exames laboratoriais solicitados no item 9.3.3 do edital, que dever\u00e1 conter ainda o nome completo e o n\u00famero de identidade do candidato, grafados nos mesmos padr\u00f5es.<\/p>\n<p><strong>CARIRI EM A\u00c7\u00c3O<\/strong><\/p>\n<p><em>Com Wscom\/Foto: Reprodu\u00e7\u00e3o Internet<\/em><\/p>\n<p><strong>Leia mais not\u00edcias em\u00a0<\/strong><a href=\"http:\/\/www.caririemacao.com\/\"><strong>caririemacao.com<\/strong><\/a><strong>, siga nossa p\u00e1gina no\u00a0<\/strong><a href=\"https:\/\/www.facebook.com\/CaririEmAcao\/?ref=aymt_homepage_panel\"><strong>Facebook<\/strong><\/a>,<strong>\u00a0<\/strong><a href=\"https:\/\/www.instagram.com\/cariri_em_acao\/?hl=pt-br\"><strong>Instagram<\/strong><\/a><strong>\u00a0e\u00a0<\/strong><a href=\"https:\/\/www.youtube.com\/channel\/UCAptA0jQuYQy8vMhLt2m4qg\"><strong>Youtube<\/strong><\/a><strong>\u00a0e veja nossas mat\u00e9rias, v\u00eddeos e fotos. Voc\u00ea tamb\u00e9m pode enviar informa\u00e7\u00f5es \u00e0 Reda\u00e7\u00e3o do Portal Cariri em A\u00e7\u00e3o pelo WhatsApp (83) 9 9634.5791, (83) 9 9601-1162.<\/strong><\/p>\n","protected":false},"excerpt":{"rendered":"<p>Os nomes dos candidatos habilitados para a pr\u00f3xima fase do Concurso da Pol\u00edcia Militar e Corpo de Bombeiros Militar da Para\u00edba foram divulgados nesta ter\u00e7a-feira&hellip; <\/p>\n","protected":false},"author":2,"featured_media":23554,"comment_status":"closed","ping_status":"closed","sticky":false,"template":"","format":"standard","meta":{"sfsi_plus_gutenberg_text_before_share":"","sfsi_plus_gutenberg_show_text_before_share":"","sfsi_plus_gutenberg_icon_type":"","sfsi_plus_gutenberg_icon_alignemt":"","sfsi_plus_gutenburg_max_per_row":"","footnotes":""},"categories":[2],"tags":[],"class_list":["post-50409","post","type-post","status-publish","format-standard","has-post-thumbnail","hentry","category-geral"],"_links":{"self":[{"href":"https:\/\/www.caririemacao.com\/1\/wp-json\/wp\/v2\/posts\/50409","targetHints":{"allow":["GET"]}}],"collection":[{"href":"https:\/\/www.caririemacao.com\/1\/wp-json\/wp\/v2\/posts"}],"about":[{"href":"https:\/\/www.caririemacao.com\/1\/wp-json\/wp\/v2\/types\/post"}],"author":[{"embeddable":true,"href":"https:\/\/www.caririemacao.com\/1\/wp-json\/wp\/v2\/users\/2"}],"replies":[{"embeddable":true,"href":"https:\/\/www.caririemacao.com\/1\/wp-json\/wp\/v2\/comments?post=50409"}],"version-history":[{"count":0,"href":"https:\/\/www.caririemacao.com\/1\/wp-json\/wp\/v2\/posts\/50409\/revisions"}],"wp:featuredmedia":[{"embeddable":true,"href":"https:\/\/www.caririemacao.com\/1\/wp-json\/wp\/v2\/media\/23554"}],"wp:attachment":[{"href":"https:\/\/www.caririemacao.com\/1\/wp-json\/wp\/v2\/media?parent=50409"}],"wp:term":[{"taxonomy":"category","embeddable":true,"href":"https:\/\/www.caririemacao.com\/1\/wp-json\/wp\/v2\/categories?post=50409"},{"taxonomy":"post_tag","embeddable":true,"href":"https:\/\/www.caririemacao.com\/1\/wp-json\/wp\/v2\/tags?post=50409"}],"curies":[{"name":"wp","href":"https:\/\/api.w.org\/{rel}","templated":true}]}}