{"id":50422,"date":"2018-05-09T09:24:12","date_gmt":"2018-05-09T12:24:12","guid":{"rendered":"http:\/\/caririemacao.com\/1\/?p=50422"},"modified":"2018-05-09T09:24:12","modified_gmt":"2018-05-09T12:24:12","slug":"lula-envia-carta-a-prefeitos-e-critica-intervencao-no-rio-e-fim-da-cpmf","status":"publish","type":"post","link":"https:\/\/www.caririemacao.com\/1\/2018\/05\/09\/lula-envia-carta-a-prefeitos-e-critica-intervencao-no-rio-e-fim-da-cpmf\/","title":{"rendered":"Lula envia carta a prefeitos e critica interven\u00e7\u00e3o no Rio e fim da CPMF"},"content":{"rendered":"<p>Ausente do encontro da Frente Nacional de Prefeitos (FNP) que re\u00fane 11 dos principais presidenci\u00e1veis deste ano, o ex-presidente Luiz In\u00e1cio Lula da Silva enviou uma carta \u00e0 organiza\u00e7\u00e3o do evento para suprir a aus\u00eancia de um &#8220;representante&#8221; da candidatura do PT no evento. No texto, o petista diz lembrar de sua atua\u00e7\u00e3o em favor da entidade durante sua gest\u00e3o e criticou a interven\u00e7\u00e3o no Rio de Janeiro e o fim da CPMF, que, na sua opini\u00e3o, teria tirado recursos da sa\u00fade.<\/p>\n<p>&#8220;Soube que, infelizmente, houve alguns desencontros e n\u00e3o foi poss\u00edvel a apresenta\u00e7\u00e3o de um representante da candidatura do PT, por isso lhes envio essa carta&#8221;, inicia o documento. &#8220;Antes de eu ser eleito presidente da Rep\u00fablica em 2002, a Marcha Nacional de Prefeitos chegou a ser recebida com cachorros e tropa de choque em Bras\u00edlia por presidentes que s\u00f3 buscavam os prefeitos no per\u00edodo eleitoral. No meu governo criei uma sala permanente de atendimento aos prefeitos no Pal\u00e1cio do Planalto&#8221;, continua. &#8220;E garanto: nenhum governo atendeu t\u00e3o bem os prefeitos quando das gest\u00f5es onde fui presidente.&#8221;<\/p>\n<p>O ex-presidente n\u00e3o comentou sobre a situa\u00e7\u00e3o de sua pr\u00f3pria candidatura, mas diz que s\u00f3 um governo eleito conseguir\u00e1 recuperar a economia. &#8220;Boa parte do prolongamento da crise econ\u00f4mica vem da crise pol\u00edtica, que impediu ou atrasou em 2015 a implementa\u00e7\u00e3o de medidas necess\u00e1rias para ajustes e retomada de crescimento&#8221;, disse.<\/p>\n<p>Lula ainda elogia algumas vitrines das gest\u00f5es petistas, como o programa Mais M\u00e9dicos, e critica a ado\u00e7\u00e3o de medidas a interven\u00e7\u00e3o federal na seguran\u00e7a p\u00fablica do Rio de Janeiro e a PEC do Teto dos Gastos, que impediria a transfer\u00eancia de mais recursos para \u00e1reas como a sa\u00fade. &#8220;Qualquer candidato que n\u00e3o enfrentar o problema da PEC do teto dos gastos estar\u00e1 enrolando os prefeitos e a popula\u00e7\u00e3o sobre como dar mais apoio aos munic\u00edpios no financiamento da sa\u00fade p\u00fablica&#8221;, criticou. O l\u00edder petista ainda lembrou do fim da CPMF, em 2007, que teria sido vendido como &#8220;uma derrota de Lula e do PT&#8221;, mas que &#8220;foi mesmo foi uma derrota do Brasil, das prefeituras, dos brasileiros, que ficaram sem esses repasses para os crescentes gastos com a sa\u00fade.&#8221;<\/p>\n<p>Questionado sobre a aus\u00eancia do PT no evento, o presidente da FNP, Jonas Donizette (PSB), explicou que a federa\u00e7\u00e3o teve duas declina\u00e7\u00f5es, os candidatos Jair Bolsonaro (PSL) e Fl\u00e1vio Rocha (PRB), que disseram que n\u00e3o poderiam estar presentes em virtude de outros compromissos. Al\u00e9m disso, a decis\u00e3o coletiva de n\u00e3o aceitar representantes, mas apenas os candidatos declarados, fez com que o PT n\u00e3o enviasse representante. &#8220;O PT nos solicitou que fosse enviada representa\u00e7\u00e3o. N\u00f3s n\u00e3o aceitamos. Quero registrar que o pr\u00e9-candidato do PT mandou uma carta assinada por ele, que vamos depois passar \u00e0 imprensa e subir no site&#8221;, comentou Donizete, que \u00e9 prefeito de Campinas.<\/p>\n<p><strong>CARIRI EM A\u00c7\u00c3O<\/strong><\/p>\n<p><em>Com Resumo PB\/Foto: Reprodu\u00e7\u00e3o google<\/em><\/p>\n<p><strong>Leia mais not\u00edcias em\u00a0<\/strong><a href=\"http:\/\/www.caririemacao.com\/\"><strong>caririemacao.com<\/strong><\/a><strong>, siga nossa p\u00e1gina no\u00a0<\/strong><a href=\"https:\/\/www.facebook.com\/CaririEmAcao\/?ref=aymt_homepage_panel\"><strong>Facebook<\/strong><\/a>,<strong>\u00a0<\/strong><a href=\"https:\/\/www.instagram.com\/cariri_em_acao\/?hl=pt-br\"><strong>Instagram<\/strong><\/a><strong>\u00a0e\u00a0<\/strong><a href=\"https:\/\/www.youtube.com\/channel\/UCAptA0jQuYQy8vMhLt2m4qg\"><strong>Youtube<\/strong><\/a><strong>\u00a0e veja nossas mat\u00e9rias, v\u00eddeos e fotos. Voc\u00ea tamb\u00e9m pode enviar informa\u00e7\u00f5es \u00e0 Reda\u00e7\u00e3o do Portal Cariri em A\u00e7\u00e3o pelo WhatsApp (83) 9 9634.5791, (83) 9 9601-1162.<\/strong><\/p>\n","protected":false},"excerpt":{"rendered":"<p>Ausente do encontro da Frente Nacional de Prefeitos (FNP) que re\u00fane 11 dos principais presidenci\u00e1veis deste ano, o ex-presidente Luiz In\u00e1cio Lula da Silva enviou&hellip; <\/p>\n","protected":false},"author":2,"featured_media":50158,"comment_status":"closed","ping_status":"closed","sticky":false,"template":"","format":"standard","meta":{"sfsi_plus_gutenberg_text_before_share":"","sfsi_plus_gutenberg_show_text_before_share":"","sfsi_plus_gutenberg_icon_type":"","sfsi_plus_gutenberg_icon_alignemt":"","sfsi_plus_gutenburg_max_per_row":"","footnotes":""},"categories":[11],"tags":[],"class_list":["post-50422","post","type-post","status-publish","format-standard","has-post-thumbnail","hentry","category-politica"],"_links":{"self":[{"href":"https:\/\/www.caririemacao.com\/1\/wp-json\/wp\/v2\/posts\/50422","targetHints":{"allow":["GET"]}}],"collection":[{"href":"https:\/\/www.caririemacao.com\/1\/wp-json\/wp\/v2\/posts"}],"about":[{"href":"https:\/\/www.caririemacao.com\/1\/wp-json\/wp\/v2\/types\/post"}],"author":[{"embeddable":true,"href":"https:\/\/www.caririemacao.com\/1\/wp-json\/wp\/v2\/users\/2"}],"replies":[{"embeddable":true,"href":"https:\/\/www.caririemacao.com\/1\/wp-json\/wp\/v2\/comments?post=50422"}],"version-history":[{"count":0,"href":"https:\/\/www.caririemacao.com\/1\/wp-json\/wp\/v2\/posts\/50422\/revisions"}],"wp:featuredmedia":[{"embeddable":true,"href":"https:\/\/www.caririemacao.com\/1\/wp-json\/wp\/v2\/media\/50158"}],"wp:attachment":[{"href":"https:\/\/www.caririemacao.com\/1\/wp-json\/wp\/v2\/media?parent=50422"}],"wp:term":[{"taxonomy":"category","embeddable":true,"href":"https:\/\/www.caririemacao.com\/1\/wp-json\/wp\/v2\/categories?post=50422"},{"taxonomy":"post_tag","embeddable":true,"href":"https:\/\/www.caririemacao.com\/1\/wp-json\/wp\/v2\/tags?post=50422"}],"curies":[{"name":"wp","href":"https:\/\/api.w.org\/{rel}","templated":true}]}}