{"id":50424,"date":"2018-05-09T09:26:20","date_gmt":"2018-05-09T12:26:20","guid":{"rendered":"http:\/\/caririemacao.com\/1\/?p=50424"},"modified":"2018-05-09T09:26:20","modified_gmt":"2018-05-09T12:26:20","slug":"rc-acusa-exploracao-do-noticiario-sobre-acao-e-ameaca-ir-a-justica","status":"publish","type":"post","link":"https:\/\/www.caririemacao.com\/1\/2018\/05\/09\/rc-acusa-exploracao-do-noticiario-sobre-acao-e-ameaca-ir-a-justica\/","title":{"rendered":"RC acusa \u201cexplora\u00e7\u00e3o\u201d do notici\u00e1rio sobre a\u00e7\u00e3o e amea\u00e7a ir \u00e0 Justi\u00e7a"},"content":{"rendered":"<p>O governador Ricardo Coutinho reagiu, atrav\u00e9s de nota oficial, na manh\u00e3 desta ter\u00e7a (dia 8), em fun\u00e7\u00e3o do notici\u00e1rio relativo \u00e0 decis\u00e3o do ministro Lu\u00eds Felipe Salom\u00e3o de derrubar seu foro privilegiado e remeter para o Tribunal de Justi\u00e7a da Para\u00edba a A\u00e7\u00e3o Penal 866. A a\u00e7\u00e3o trata da suposta pr\u00e1tica de crime de responsabilidade.<\/p>\n<p>Na nota, o governador diz estar havendo \u201cexplora\u00e7\u00e3o intencionalmente equivocada em redes sociais\u201d da mat\u00e9ria e avisou que estar\u00e1, atrav\u00e9s da Procuradoria-Geral do Estado, \u201catento ao abuso indevido deste fato recorrendo \u00e0 Justi\u00e7a\u201d. Tamb\u00e9m assegura que a a\u00e7\u00e3o se reporta \u00e0 contrata\u00e7\u00e3o de \u201c12 servidores p\u00fablicos\u201d, quando ainda prefeito de Jo\u00e3o Pessoa.<\/p>\n<p>CONFIRA A \u00cdNTEGRA DA NOTA\u2026<\/p>\n<p>\u201cEm raz\u00e3o da explora\u00e7\u00e3o intencionalmente equivocada em redes sociais a respeito de mat\u00e9ria veiculada pela imprensa nacional com o governador Ricardo Coutinho, \u00e9 necess\u00e1rio, de forma objetiva e respons\u00e1vel, esclarecer os seguintes pontos:<\/p>\n<p>\u2013 O referido processo \u00e9 \u00fanico e trata exclusivamente de questionamentos feitos sobre a contrata\u00e7\u00e3o de 12 servidores p\u00fablicos no per\u00edodo em que o governador Ricardo Coutinho respondia pela prefeitura de Jo\u00e3o Pessoa, n\u00e3o se referindo, portanto, a fatos da atual gest\u00e3o estadual, nem muito menos a casos relacionados a desvio de verba p\u00fablica, como tanto tem se visto no hist\u00f3rico de alguns gestores p\u00fablicos;<\/p>\n<p>\u2013 No caso espec\u00edfico, aponta-se contrata\u00e7\u00e3o em modalidade prec\u00e1ria, existente h\u00e1 mais de 30 anos na gest\u00e3o municipal, cujo n\u00famero de prestadores de servi\u00e7o, em 2005, era de 13 mil e, em 2010, quando o governador Ricardo Coutinho deixou a prefeitura de Jo\u00e3o Pessoa, j\u00e1 estava reduzido para 9 mil. N\u00famero este que, na atualidade, sob a atual gest\u00e3o municipal, chega 17 mil prestadores de servi\u00e7o;<\/p>\n<p>\u2013 Independentemente do m\u00e9rito da quest\u00e3o, que tem sido intencionalmente explorado com m\u00e1 f\u00e9, \u00e9 preciso deixar claro que o governador Ricardo Coutinho, que sempre defendeu abertamente o fim do foro privilegiado, est\u00e1 tranquilo \u00e0 movimenta\u00e7\u00e3o jur\u00eddica deste ou de qualquer outro questionamento, visto que est\u00e1 certo dos efeitos de sua defesa em quaisquer das inst\u00e2ncias judiciais em atua\u00e7\u00e3o no pa\u00eds, cujo resultado n\u00e3o se dar\u00e1 em raz\u00e3o deste ou daquele privil\u00e9gio, mas da convic\u00e7\u00e3o da aus\u00eancia de dano legal.<\/p>\n<p>\u2013 Por fim, o Governo do Estado, por meio da Procuradoria Geral do Estado, e o governador Ricardo Coutinho, por meio de sua assessoria jur\u00eddica, estar\u00e3o atentos ao abuso indevido deste fato recorrendo \u00e0 Justi\u00e7a, a fim de garantir a preserva\u00e7\u00e3o da verdade e do correto entendimento do caso.\u201d<\/p>\n<p><strong>CARIRI EM A\u00c7\u00c3O<\/strong><\/p>\n<p><em>Com Resumo PB\/Foto:\u00a0Resumo PB<\/em><\/p>\n<p><strong>Leia mais not\u00edcias em\u00a0<\/strong><a href=\"http:\/\/www.caririemacao.com\/\"><strong>caririemacao.com<\/strong><\/a><strong>, siga nossa p\u00e1gina no\u00a0<\/strong><a href=\"https:\/\/www.facebook.com\/CaririEmAcao\/?ref=aymt_homepage_panel\"><strong>Facebook<\/strong><\/a>,<strong>\u00a0<\/strong><a href=\"https:\/\/www.instagram.com\/cariri_em_acao\/?hl=pt-br\"><strong>Instagram<\/strong><\/a><strong>\u00a0e\u00a0<\/strong><a href=\"https:\/\/www.youtube.com\/channel\/UCAptA0jQuYQy8vMhLt2m4qg\"><strong>Youtube<\/strong><\/a><strong>\u00a0e veja nossas mat\u00e9rias, v\u00eddeos e fotos. Voc\u00ea tamb\u00e9m pode enviar informa\u00e7\u00f5es \u00e0 Reda\u00e7\u00e3o do Portal Cariri em A\u00e7\u00e3o pelo WhatsApp (83) 9 9634.5791, (83) 9 9601-1162.<\/strong><\/p>\n","protected":false},"excerpt":{"rendered":"<p>O governador Ricardo Coutinho reagiu, atrav\u00e9s de nota oficial, na manh\u00e3 desta ter\u00e7a (dia 8), em fun\u00e7\u00e3o do notici\u00e1rio relativo \u00e0 decis\u00e3o do ministro Lu\u00eds&hellip; <\/p>\n","protected":false},"author":2,"featured_media":50425,"comment_status":"closed","ping_status":"closed","sticky":false,"template":"","format":"standard","meta":{"sfsi_plus_gutenberg_text_before_share":"","sfsi_plus_gutenberg_show_text_before_share":"","sfsi_plus_gutenberg_icon_type":"","sfsi_plus_gutenberg_icon_alignemt":"","sfsi_plus_gutenburg_max_per_row":"","footnotes":""},"categories":[2],"tags":[],"class_list":["post-50424","post","type-post","status-publish","format-standard","has-post-thumbnail","hentry","category-geral"],"_links":{"self":[{"href":"https:\/\/www.caririemacao.com\/1\/wp-json\/wp\/v2\/posts\/50424","targetHints":{"allow":["GET"]}}],"collection":[{"href":"https:\/\/www.caririemacao.com\/1\/wp-json\/wp\/v2\/posts"}],"about":[{"href":"https:\/\/www.caririemacao.com\/1\/wp-json\/wp\/v2\/types\/post"}],"author":[{"embeddable":true,"href":"https:\/\/www.caririemacao.com\/1\/wp-json\/wp\/v2\/users\/2"}],"replies":[{"embeddable":true,"href":"https:\/\/www.caririemacao.com\/1\/wp-json\/wp\/v2\/comments?post=50424"}],"version-history":[{"count":0,"href":"https:\/\/www.caririemacao.com\/1\/wp-json\/wp\/v2\/posts\/50424\/revisions"}],"wp:featuredmedia":[{"embeddable":true,"href":"https:\/\/www.caririemacao.com\/1\/wp-json\/wp\/v2\/media\/50425"}],"wp:attachment":[{"href":"https:\/\/www.caririemacao.com\/1\/wp-json\/wp\/v2\/media?parent=50424"}],"wp:term":[{"taxonomy":"category","embeddable":true,"href":"https:\/\/www.caririemacao.com\/1\/wp-json\/wp\/v2\/categories?post=50424"},{"taxonomy":"post_tag","embeddable":true,"href":"https:\/\/www.caririemacao.com\/1\/wp-json\/wp\/v2\/tags?post=50424"}],"curies":[{"name":"wp","href":"https:\/\/api.w.org\/{rel}","templated":true}]}}