{"id":50429,"date":"2018-05-09T09:29:56","date_gmt":"2018-05-09T12:29:56","guid":{"rendered":"http:\/\/caririemacao.com\/1\/?p=50429"},"modified":"2018-05-09T09:29:56","modified_gmt":"2018-05-09T12:29:56","slug":"policia-civil-deflagra-operacao-contra-grupo-suspeito-de-falsificacao-de-alvaras","status":"publish","type":"post","link":"https:\/\/www.caririemacao.com\/1\/2018\/05\/09\/policia-civil-deflagra-operacao-contra-grupo-suspeito-de-falsificacao-de-alvaras\/","title":{"rendered":"Pol\u00edcia Civil deflagra opera\u00e7\u00e3o contra grupo suspeito de falsifica\u00e7\u00e3o de alvar\u00e1s"},"content":{"rendered":"<p>Uma opera\u00e7\u00e3o da Pol\u00edcia Civil foi deflagrada na manh\u00e3 desta quarta-feira (9) para cumprimento de nove mandados judiciais, sete de busca e dois de pris\u00e3o nas cidades de Sousa e Patos, no Sert\u00e3o da Para\u00edba. A a\u00e7\u00e3o tem o objetivo de desarticular um grupo suspeito de falsifica\u00e7\u00e3o de documento p\u00fablico, falso reconhecimento de firma, emiss\u00e3o de alvar\u00e1s judiciais fraudulentos e outros crimes. A investiga\u00e7\u00e3o envolve advogados e um servidor p\u00fablico do F\u00f3rum de Sousa.<\/p>\n<p>De acordo com informa\u00e7\u00e3o da Pol\u00edcia Civil, os envolvidos teriam conseguido subtrair com a pr\u00e1tica dos crimes cerca de R$ 1,5 milh\u00e3o.\u00a0 Denominada de opera\u00e7\u00e3o \u2018Al-bar\u00e3\u2019 , a a\u00e7\u00e3o tem o apoio de 40 policiais e sete delegados.<\/p>\n<p>\u201cO esquema funcionava a partir da falsifica\u00e7\u00e3o de alvar\u00e1s judiciais. O servidor p\u00fablico facilitava algumas a\u00e7\u00f5es, inclusive, atestando documentos com assinaturas falsas\u201d revelou o delegado da Pol\u00edcia Civil, Ilamilto Simpl\u00edcio.<\/p>\n<p>Ap\u00f3s o cumprimento dos mandados, a Pol\u00edcia Civil divulgar\u00e1 novas informa\u00e7\u00f5es \u00e0 imprensa em entrevista, em Sousa. A investiga\u00e7\u00e3o que identificou o esquema foi iniciada em fevereiro deste ano.<\/p>\n<p><strong>CARIRI EM A\u00c7\u00c3O<\/strong><\/p>\n<p><em>Com Jornal da Para\u00edba\/Foto:\u00a0Reprodu\u00e7\u00e3o\/ TV Para\u00edba<\/em><\/p>\n<p><strong>Leia mais not\u00edcias em\u00a0<\/strong><a href=\"http:\/\/www.caririemacao.com\/\"><strong>caririemacao.com<\/strong><\/a><strong>, siga nossa p\u00e1gina no\u00a0<\/strong><a href=\"https:\/\/www.facebook.com\/CaririEmAcao\/?ref=aymt_homepage_panel\"><strong>Facebook<\/strong><\/a>,<strong>\u00a0<\/strong><a href=\"https:\/\/www.instagram.com\/cariri_em_acao\/?hl=pt-br\"><strong>Instagram<\/strong><\/a><strong>\u00a0e\u00a0<\/strong><a href=\"https:\/\/www.youtube.com\/channel\/UCAptA0jQuYQy8vMhLt2m4qg\"><strong>Youtube<\/strong><\/a><strong>\u00a0e veja nossas mat\u00e9rias, v\u00eddeos e fotos. Voc\u00ea tamb\u00e9m pode enviar informa\u00e7\u00f5es \u00e0 Reda\u00e7\u00e3o do Portal Cariri em A\u00e7\u00e3o pelo WhatsApp (83) 9 9634.5791, (83) 9 9601-1162.<\/strong><\/p>\n","protected":false},"excerpt":{"rendered":"<p>Uma opera\u00e7\u00e3o da Pol\u00edcia Civil foi deflagrada na manh\u00e3 desta quarta-feira (9) para cumprimento de nove mandados judiciais, sete de busca e dois de pris\u00e3o&hellip; <\/p>\n","protected":false},"author":2,"featured_media":50430,"comment_status":"closed","ping_status":"closed","sticky":false,"template":"","format":"standard","meta":{"sfsi_plus_gutenberg_text_before_share":"","sfsi_plus_gutenberg_show_text_before_share":"","sfsi_plus_gutenberg_icon_type":"","sfsi_plus_gutenberg_icon_alignemt":"","sfsi_plus_gutenburg_max_per_row":"","footnotes":""},"categories":[12],"tags":[],"class_list":["post-50429","post","type-post","status-publish","format-standard","has-post-thumbnail","hentry","category-policia"],"_links":{"self":[{"href":"https:\/\/www.caririemacao.com\/1\/wp-json\/wp\/v2\/posts\/50429","targetHints":{"allow":["GET"]}}],"collection":[{"href":"https:\/\/www.caririemacao.com\/1\/wp-json\/wp\/v2\/posts"}],"about":[{"href":"https:\/\/www.caririemacao.com\/1\/wp-json\/wp\/v2\/types\/post"}],"author":[{"embeddable":true,"href":"https:\/\/www.caririemacao.com\/1\/wp-json\/wp\/v2\/users\/2"}],"replies":[{"embeddable":true,"href":"https:\/\/www.caririemacao.com\/1\/wp-json\/wp\/v2\/comments?post=50429"}],"version-history":[{"count":0,"href":"https:\/\/www.caririemacao.com\/1\/wp-json\/wp\/v2\/posts\/50429\/revisions"}],"wp:featuredmedia":[{"embeddable":true,"href":"https:\/\/www.caririemacao.com\/1\/wp-json\/wp\/v2\/media\/50430"}],"wp:attachment":[{"href":"https:\/\/www.caririemacao.com\/1\/wp-json\/wp\/v2\/media?parent=50429"}],"wp:term":[{"taxonomy":"category","embeddable":true,"href":"https:\/\/www.caririemacao.com\/1\/wp-json\/wp\/v2\/categories?post=50429"},{"taxonomy":"post_tag","embeddable":true,"href":"https:\/\/www.caririemacao.com\/1\/wp-json\/wp\/v2\/tags?post=50429"}],"curies":[{"name":"wp","href":"https:\/\/api.w.org\/{rel}","templated":true}]}}