{"id":50432,"date":"2018-05-09T09:33:49","date_gmt":"2018-05-09T12:33:49","guid":{"rendered":"http:\/\/caririemacao.com\/1\/?p=50432"},"modified":"2018-05-09T09:33:49","modified_gmt":"2018-05-09T12:33:49","slug":"prefeitura-de-sume-e-pronatec-paraiba-realizam-aula-inaugural-de-4-cursos-2","status":"publish","type":"post","link":"https:\/\/www.caririemacao.com\/1\/2018\/05\/09\/prefeitura-de-sume-e-pronatec-paraiba-realizam-aula-inaugural-de-4-cursos-2\/","title":{"rendered":"Prefeitura de Sum\u00e9 e Pronatec Para\u00edba realizam aula inaugural de 4 cursos"},"content":{"rendered":"<p style=\"font-weight: 400;\">A Prefeitura de Sum\u00e9 atrav\u00e9s da Secretaria de Educa\u00e7\u00e3o em parceria com o Pronatec Para\u00edba realizaram na noite desta segunda-feira (07\/05) a aula inaugural do Programa Nacional de Acesso ao Ensino T\u00e9cnico e Emprego.<\/p>\n<p style=\"font-weight: 400;\">Participaram da aula inicial 120 alunos de 4 cursos; cuidador infantil, cuidador de idosos, operador de computador e gestor de microempresa.<\/p>\n<p style=\"font-weight: 400;\">Os alunos receber\u00e3o uma bolsa de R$ 2,00 por aula assistida, chegando a uma m\u00e9dia\u00a0de R$ 160,00\/m\u00eas.<\/p>\n<p style=\"font-weight: 400;\">Comporam a mesa solene de abertura, o prefeito de Sum\u00e9 \u00c9den Duarte, o secret\u00e1rio de Educa\u00e7\u00e3o Odilon Ara\u00fajo, o gerente da 5\u00aa Regional de Educa\u00e7\u00e3o Ary Prata, o coordenador administrativo do Pronatec Ivan Dias Pereira e o Coordenador pedag\u00f3gico do Pronatec Edson Alves.<\/p>\n<p style=\"font-weight: 400;\">Participaram ainda do evento a secret\u00e1ria de Assist\u00eancia Social Tanniery L\u00eala e demais membros da Secretaria de Educa\u00e7\u00e3o do munic\u00edpio.<\/p>\n<p style=\"font-weight: 400;\">As aulas funcionar\u00e3o na Escola Maria Leite Rafael, no hor\u00e1rio das 19h \u00e0s 22h.<\/p>\n<p><a href=\"http:\/\/caririemacao.com\/1\/?attachment_id=50434\" rel=\"attachment wp-att-50434\"><img fetchpriority=\"high\" decoding=\"async\" class=\"aligncenter size-full wp-image-50434\" src=\"http:\/\/caririemacao.com\/1\/wp-content\/uploads\/2018\/05\/11.jpg\" alt=\"\" width=\"400\" height=\"266\" srcset=\"https:\/\/www.caririemacao.com\/1\/wp-content\/uploads\/2018\/05\/11.jpg 400w, https:\/\/www.caririemacao.com\/1\/wp-content\/uploads\/2018\/05\/11-300x200.jpg 300w\" sizes=\"(max-width: 400px) 100vw, 400px\" \/><\/a><\/p>\n<p><strong>CARIRI EM A\u00c7\u00c3O<\/strong><\/p>\n<p><em>Com Ascom\/Foto: Ascom<\/em><\/p>\n<p><strong>Leia mais not\u00edcias em\u00a0<\/strong><a href=\"http:\/\/www.caririemacao.com\/\"><strong>caririemacao.com<\/strong><\/a><strong>, siga nossa p\u00e1gina no\u00a0<\/strong><a href=\"https:\/\/www.facebook.com\/CaririEmAcao\/?ref=aymt_homepage_panel\"><strong>Facebook<\/strong><\/a>,<strong>\u00a0<\/strong><a href=\"https:\/\/www.instagram.com\/cariri_em_acao\/?hl=pt-br\"><strong>Instagram<\/strong><\/a><strong>\u00a0e\u00a0<\/strong><a href=\"https:\/\/www.youtube.com\/channel\/UCAptA0jQuYQy8vMhLt2m4qg\"><strong>Youtube<\/strong><\/a><strong>\u00a0e veja nossas mat\u00e9rias, v\u00eddeos e fotos. Voc\u00ea tamb\u00e9m pode enviar informa\u00e7\u00f5es \u00e0 Reda\u00e7\u00e3o do Portal Cariri em A\u00e7\u00e3o pelo WhatsApp (83) 9 9634.5791, (83) 9 9601-1162.<\/strong><\/p>\n","protected":false},"excerpt":{"rendered":"<p>A Prefeitura de Sum\u00e9 atrav\u00e9s da Secretaria de Educa\u00e7\u00e3o em parceria com o Pronatec Para\u00edba realizaram na noite desta segunda-feira (07\/05) a aula inaugural do&hellip; <\/p>\n","protected":false},"author":2,"featured_media":50433,"comment_status":"closed","ping_status":"closed","sticky":false,"template":"","format":"standard","meta":{"sfsi_plus_gutenberg_text_before_share":"","sfsi_plus_gutenberg_show_text_before_share":"","sfsi_plus_gutenberg_icon_type":"","sfsi_plus_gutenberg_icon_alignemt":"","sfsi_plus_gutenburg_max_per_row":"","footnotes":""},"categories":[6],"tags":[],"class_list":["post-50432","post","type-post","status-publish","format-standard","has-post-thumbnail","hentry","category-cidades"],"_links":{"self":[{"href":"https:\/\/www.caririemacao.com\/1\/wp-json\/wp\/v2\/posts\/50432","targetHints":{"allow":["GET"]}}],"collection":[{"href":"https:\/\/www.caririemacao.com\/1\/wp-json\/wp\/v2\/posts"}],"about":[{"href":"https:\/\/www.caririemacao.com\/1\/wp-json\/wp\/v2\/types\/post"}],"author":[{"embeddable":true,"href":"https:\/\/www.caririemacao.com\/1\/wp-json\/wp\/v2\/users\/2"}],"replies":[{"embeddable":true,"href":"https:\/\/www.caririemacao.com\/1\/wp-json\/wp\/v2\/comments?post=50432"}],"version-history":[{"count":0,"href":"https:\/\/www.caririemacao.com\/1\/wp-json\/wp\/v2\/posts\/50432\/revisions"}],"wp:featuredmedia":[{"embeddable":true,"href":"https:\/\/www.caririemacao.com\/1\/wp-json\/wp\/v2\/media\/50433"}],"wp:attachment":[{"href":"https:\/\/www.caririemacao.com\/1\/wp-json\/wp\/v2\/media?parent=50432"}],"wp:term":[{"taxonomy":"category","embeddable":true,"href":"https:\/\/www.caririemacao.com\/1\/wp-json\/wp\/v2\/categories?post=50432"},{"taxonomy":"post_tag","embeddable":true,"href":"https:\/\/www.caririemacao.com\/1\/wp-json\/wp\/v2\/tags?post=50432"}],"curies":[{"name":"wp","href":"https:\/\/api.w.org\/{rel}","templated":true}]}}