{"id":50436,"date":"2018-05-09T09:38:15","date_gmt":"2018-05-09T12:38:15","guid":{"rendered":"http:\/\/caririemacao.com\/1\/?p=50436"},"modified":"2018-05-09T09:38:15","modified_gmt":"2018-05-09T12:38:15","slug":"uepb-campus-de-monteiro-abre-para-solicitacao-de-reingresso-em-graduacao-no-periodo-2018-1","status":"publish","type":"post","link":"https:\/\/www.caririemacao.com\/1\/2018\/05\/09\/uepb-campus-de-monteiro-abre-para-solicitacao-de-reingresso-em-graduacao-no-periodo-2018-1\/","title":{"rendered":"UEPB Campus de Monteiro abre para solicita\u00e7\u00e3o de reingresso em gradua\u00e7\u00e3o no per\u00edodo 2018.1"},"content":{"rendered":"<p>A Pr\u00f3-Reitoria de Gradua\u00e7\u00e3o (PROGRAD) da Universidade Estadual da Para\u00edba (UEPB) divulgou edital referente ao processo de reingresso de curso para o per\u00edodo letivo 2018\/1. As inscri\u00e7\u00f5es para os estudantes interessados em fazer a solicita\u00e7\u00e3o est\u00e3o abertas desde as 16h desta ter\u00e7a-feira (8) at\u00e9 as 11h do dia 25 de maio, atrav\u00e9s do endere\u00e7o http:\/\/cpcon.uepb.edu.br:8081\/UEPBForms\/?rvn=2.<\/p>\n<p>De acordo com o edital, o pedido de reingresso s\u00f3 ser\u00e1 permitido em situa\u00e7\u00e3o de abandono h\u00e1 no m\u00e1ximo cinco anos. Ser\u00e3o deferidos os pedidos dos estudantes que faltem apenas o Trabalho de Conclus\u00e3o de Curso (TCC) e os est\u00e1gios para conclus\u00e3o do curso. As vagas est\u00e3o distribu\u00eddas entre os campus de Campina Grande, Lagoa Seca, Guarabira, Catol\u00e9 do Rocha, Jo\u00e3o Pessoa, Monteiro, Patos e Araruna.<\/p>\n<p>O resultado final da an\u00e1lise das solicita\u00e7\u00f5es ser\u00e1 divulgado em 27 de julho. Os estudantes que tiverem seus pedidos deferidos efetuar\u00e3o suas matr\u00edculas no dia 30 do mesmo m\u00eas.<\/p>\n<p>O edital completo e o quadro de vagas do referido processo est\u00e3o dispon\u00edveis no site www.uepb.edu.br. Outras informa\u00e7\u00f5es podem ser obtidas pelo telefone (83) 3315-3350.<\/p>\n<p><strong>CARIRI EM A\u00c7\u00c3O<\/strong><\/p>\n<p><em>Com Vitrine do Cariri\/Foto: Reprodu\u00e7\u00e3o google<\/em><\/p>\n<p><strong>Leia mais not\u00edcias em\u00a0<\/strong><a href=\"http:\/\/www.caririemacao.com\/\"><strong>caririemacao.com<\/strong><\/a><strong>, siga nossa p\u00e1gina no\u00a0<\/strong><a href=\"https:\/\/www.facebook.com\/CaririEmAcao\/?ref=aymt_homepage_panel\"><strong>Facebook<\/strong><\/a>,<strong>\u00a0<\/strong><a href=\"https:\/\/www.instagram.com\/cariri_em_acao\/?hl=pt-br\"><strong>Instagram<\/strong><\/a><strong>\u00a0e\u00a0<\/strong><a href=\"https:\/\/www.youtube.com\/channel\/UCAptA0jQuYQy8vMhLt2m4qg\"><strong>Youtube<\/strong><\/a><strong>\u00a0e veja nossas mat\u00e9rias, v\u00eddeos e fotos. Voc\u00ea tamb\u00e9m pode enviar informa\u00e7\u00f5es \u00e0 Reda\u00e7\u00e3o do Portal Cariri em A\u00e7\u00e3o pelo WhatsApp (83) 9 9634.5791, (83) 9 9601-1162.<\/strong><\/p>\n","protected":false},"excerpt":{"rendered":"<p>A Pr\u00f3-Reitoria de Gradua\u00e7\u00e3o (PROGRAD) da Universidade Estadual da Para\u00edba (UEPB) divulgou edital referente ao processo de reingresso de curso para o per\u00edodo letivo 2018\/1.&hellip; <\/p>\n","protected":false},"author":2,"featured_media":50437,"comment_status":"closed","ping_status":"closed","sticky":false,"template":"","format":"standard","meta":{"sfsi_plus_gutenberg_text_before_share":"","sfsi_plus_gutenberg_show_text_before_share":"","sfsi_plus_gutenberg_icon_type":"","sfsi_plus_gutenberg_icon_alignemt":"","sfsi_plus_gutenburg_max_per_row":"","footnotes":""},"categories":[14],"tags":[],"class_list":["post-50436","post","type-post","status-publish","format-standard","has-post-thumbnail","hentry","category-educacao"],"_links":{"self":[{"href":"https:\/\/www.caririemacao.com\/1\/wp-json\/wp\/v2\/posts\/50436","targetHints":{"allow":["GET"]}}],"collection":[{"href":"https:\/\/www.caririemacao.com\/1\/wp-json\/wp\/v2\/posts"}],"about":[{"href":"https:\/\/www.caririemacao.com\/1\/wp-json\/wp\/v2\/types\/post"}],"author":[{"embeddable":true,"href":"https:\/\/www.caririemacao.com\/1\/wp-json\/wp\/v2\/users\/2"}],"replies":[{"embeddable":true,"href":"https:\/\/www.caririemacao.com\/1\/wp-json\/wp\/v2\/comments?post=50436"}],"version-history":[{"count":0,"href":"https:\/\/www.caririemacao.com\/1\/wp-json\/wp\/v2\/posts\/50436\/revisions"}],"wp:featuredmedia":[{"embeddable":true,"href":"https:\/\/www.caririemacao.com\/1\/wp-json\/wp\/v2\/media\/50437"}],"wp:attachment":[{"href":"https:\/\/www.caririemacao.com\/1\/wp-json\/wp\/v2\/media?parent=50436"}],"wp:term":[{"taxonomy":"category","embeddable":true,"href":"https:\/\/www.caririemacao.com\/1\/wp-json\/wp\/v2\/categories?post=50436"},{"taxonomy":"post_tag","embeddable":true,"href":"https:\/\/www.caririemacao.com\/1\/wp-json\/wp\/v2\/tags?post=50436"}],"curies":[{"name":"wp","href":"https:\/\/api.w.org\/{rel}","templated":true}]}}