{"id":50439,"date":"2018-05-09T09:41:23","date_gmt":"2018-05-09T12:41:23","guid":{"rendered":"http:\/\/caririemacao.com\/1\/?p=50439"},"modified":"2018-05-09T09:41:23","modified_gmt":"2018-05-09T12:41:23","slug":"ifpb-abre-20-vagas-em-curso-tecnico-em-instrumento-musical-em-monteiro","status":"publish","type":"post","link":"https:\/\/www.caririemacao.com\/1\/2018\/05\/09\/ifpb-abre-20-vagas-em-curso-tecnico-em-instrumento-musical-em-monteiro\/","title":{"rendered":"IFPB abre 20 vagas em curso T\u00e9cnico em Instrumento Musical em Monteiro"},"content":{"rendered":"<div class=\"post_header\">\n<div class=\"post_header_title\">\n<div class=\"post_info_cat\">\n<div class=\"breadcrumb\">O IFPB \u2013 Camus Monteiro divulgou o edital de sele\u00e7\u00e3o do Processo Seletivo de Cursos T\u00e9cnicos Subsequentes (PSCT) para o semestre de 2018.2. As inscri\u00e7\u00f5es s\u00e3o gratuitas e ser\u00e3o realizadas no per\u00edodo de 28 de maio a 22 de junho.<\/div>\n<\/div>\n<\/div>\n<\/div>\n<div class=\"post_header single\">\n<p>Os cursos s\u00e3o voltados para quem j\u00e1 concluiu o ensino m\u00e9dio. O curso ofertado neste processo seletivo \u00e9 o de T\u00e9cnico em Instrumento Musical, com um total de 20 vagas.<\/p>\n<p>As inscri\u00e7\u00f5es s\u00e3o online, por meio do preenchimento do formul\u00e1rio e Question\u00e1rio Socioecon\u00f4mico disponibilizados no\u00a0endere\u00e7o eletr\u00f4nico.\u00a0Em seguida, anexar a declara\u00e7\u00e3o (conforme modelo constante no Anexo III do Edital) ou Hist\u00f3rico Escolar ou documento equivalente comprobat\u00f3rio das informa\u00e7\u00f5es. A comprova\u00e7\u00e3o das notas dever\u00e1 ter a identifica\u00e7\u00e3o do candidato, carimbo e a assinatura do respons\u00e1vel pela escola.<\/p>\n<p>Metade das vagas \u00e9 destinada a egressos das escolas p\u00fablicas. H\u00e1 tamb\u00e9m cotas para pessoas de baixa renda e autodeclarados pretos, pardos e ind\u00edgenas (PPI) e pessoas com defici\u00eancia.<\/p>\n<p>A sele\u00e7\u00e3o ser\u00e1 realizada por meio de an\u00e1lise do desempenho escolar em L\u00edngua Portuguesa e Matem\u00e1tica ou disciplinas equivalentes cursadas no 1\u00ba e 2\u00ba ano do Ensino M\u00e9dio, ou equivalente; por meio de an\u00e1lise do desempenho no ENEM nas provas de Linguagens, C\u00f3digos e suas Tecnologias e Matem\u00e1tica e suas Tecnologias. No ato da inscri\u00e7\u00e3o, o candidato dever\u00e1 inserir todas as m\u00e9dias solicitadas (L\u00edngua Portuguesa e Matem\u00e1tica ou disciplinas equivalentes), devendo assinalar se pretender\u00e1 concorrer por meio da m\u00e9dia do ENEM ou por meio do Ensino M\u00e9dio ou equivalente.<\/p>\n<p>O resultado final ser\u00e1 divulgado dia 17 de julho no\u00a0Portal do Estudante.<\/p>\n<p><strong>CARIRI EM A\u00c7\u00c3O<\/strong><\/p>\n<p><em>Com Vitrine do Cariri\/Foto: Reprodu\u00e7\u00e3o google<\/em><\/p>\n<p><strong>Leia mais not\u00edcias em\u00a0<\/strong><a href=\"http:\/\/www.caririemacao.com\/\"><strong>caririemacao.com<\/strong><\/a><strong>, siga nossa p\u00e1gina no\u00a0<\/strong><a href=\"https:\/\/www.facebook.com\/CaririEmAcao\/?ref=aymt_homepage_panel\"><strong>Facebook<\/strong><\/a>,<strong>\u00a0<\/strong><a href=\"https:\/\/www.instagram.com\/cariri_em_acao\/?hl=pt-br\"><strong>Instagram<\/strong><\/a><strong>\u00a0e\u00a0<\/strong><a href=\"https:\/\/www.youtube.com\/channel\/UCAptA0jQuYQy8vMhLt2m4qg\"><strong>Youtube<\/strong><\/a><strong>\u00a0e veja nossas mat\u00e9rias, v\u00eddeos e fotos. Voc\u00ea tamb\u00e9m pode enviar informa\u00e7\u00f5es \u00e0 Reda\u00e7\u00e3o do Portal Cariri em A\u00e7\u00e3o pelo WhatsApp (83) 9 9634.5791, (83) 9 9601-1162.<\/strong><\/p>\n<\/div>\n","protected":false},"excerpt":{"rendered":"<p>O IFPB \u2013 Camus Monteiro divulgou o edital de sele\u00e7\u00e3o do Processo Seletivo de Cursos T\u00e9cnicos Subsequentes (PSCT) para o semestre de 2018.2. As inscri\u00e7\u00f5es&hellip; <\/p>\n","protected":false},"author":2,"featured_media":50440,"comment_status":"closed","ping_status":"closed","sticky":false,"template":"","format":"standard","meta":{"sfsi_plus_gutenberg_text_before_share":"","sfsi_plus_gutenberg_show_text_before_share":"","sfsi_plus_gutenberg_icon_type":"","sfsi_plus_gutenberg_icon_alignemt":"","sfsi_plus_gutenburg_max_per_row":"","footnotes":""},"categories":[14],"tags":[],"class_list":["post-50439","post","type-post","status-publish","format-standard","has-post-thumbnail","hentry","category-educacao"],"_links":{"self":[{"href":"https:\/\/www.caririemacao.com\/1\/wp-json\/wp\/v2\/posts\/50439","targetHints":{"allow":["GET"]}}],"collection":[{"href":"https:\/\/www.caririemacao.com\/1\/wp-json\/wp\/v2\/posts"}],"about":[{"href":"https:\/\/www.caririemacao.com\/1\/wp-json\/wp\/v2\/types\/post"}],"author":[{"embeddable":true,"href":"https:\/\/www.caririemacao.com\/1\/wp-json\/wp\/v2\/users\/2"}],"replies":[{"embeddable":true,"href":"https:\/\/www.caririemacao.com\/1\/wp-json\/wp\/v2\/comments?post=50439"}],"version-history":[{"count":0,"href":"https:\/\/www.caririemacao.com\/1\/wp-json\/wp\/v2\/posts\/50439\/revisions"}],"wp:featuredmedia":[{"embeddable":true,"href":"https:\/\/www.caririemacao.com\/1\/wp-json\/wp\/v2\/media\/50440"}],"wp:attachment":[{"href":"https:\/\/www.caririemacao.com\/1\/wp-json\/wp\/v2\/media?parent=50439"}],"wp:term":[{"taxonomy":"category","embeddable":true,"href":"https:\/\/www.caririemacao.com\/1\/wp-json\/wp\/v2\/categories?post=50439"},{"taxonomy":"post_tag","embeddable":true,"href":"https:\/\/www.caririemacao.com\/1\/wp-json\/wp\/v2\/tags?post=50439"}],"curies":[{"name":"wp","href":"https:\/\/api.w.org\/{rel}","templated":true}]}}