{"id":50442,"date":"2018-05-09T09:44:43","date_gmt":"2018-05-09T12:44:43","guid":{"rendered":"http:\/\/caririemacao.com\/1\/?p=50442"},"modified":"2018-05-09T09:44:43","modified_gmt":"2018-05-09T12:44:43","slug":"dani-alves-deixa-o-campo-com-dores-no-joelho-e-vira-duvida-para-a-copa","status":"publish","type":"post","link":"https:\/\/www.caririemacao.com\/1\/2018\/05\/09\/dani-alves-deixa-o-campo-com-dores-no-joelho-e-vira-duvida-para-a-copa\/","title":{"rendered":"Dani Alves deixa o campo com dores no joelho e vira d\u00favida para a Copa"},"content":{"rendered":"<p>O lateral-direito Daniel Alves virou motivo de preocupa\u00e7\u00e3o da comiss\u00e3o t\u00e9cnica da sele\u00e7\u00e3o brasileira a menos de 40 dias da Copa da R\u00fassia. O jogador sentiu dores no joelho direito ap\u00f3s uma disputa de bola na vit\u00f3ria do PSG sobre o Les Herbiers por 2 a 0 na final da Copa da Fran\u00e7a, nesta ter\u00e7a-feira (8), no Stade de France, em Paris.<\/p>\n<p>O lance ocorreu aos 35 minutos do segundo tempo, quando a equipe parisiense j\u00e1 havia consolidado o placar e a conquista do t\u00edtulo. O brasileiro pisou em falso e caiu no gramado. Depois de atendido pelos m\u00e9dicos em campo, ele foi substitu\u00eddo e iniciou um tratamento com gelo no local da dor ainda no banco de reservas.<\/p>\n<p>No entanto, a contus\u00e3o do titular de Tite para o Mundial da R\u00fassia na lateral-direita n\u00e3o pareceu preocupar o zagueiro Marquinhos, companheiro de clube e de sele\u00e7\u00e3o, que conversou com Daniel Alves depois da partida.<\/p>\n<p>&#8220;Vi caminhando bem, o vi normal, n\u00e3o perguntei, at\u00e9 porque est\u00e1vamos na euforia do t\u00edtulo. Quando a gente descansar um pouco, sentar, vamos ver como ele est\u00e1, mas eu o vi caminhando bem&#8221;, disse o defensor em entrevista ao canal \u201cFox Sports\u201d.<\/p>\n<p>Daniel Alves dever\u00e1 passar por exames nesta quarta-feira, em Paris. S\u00f3 depois o time parisiense dever\u00e1 se pronunciar sobre a gravidade da les\u00e3o e o tempo de recupera\u00e7\u00e3o do atleta.<\/p>\n<p><strong>Recordista de t\u00edtulos<\/strong><\/p>\n<p>A conquista do torneio franc\u00eas fez de Daniel Alves, de 35 anos, o maior vencedor do futebol mundial da atualidade. O lateral brasileiro chegou ao 38\u00ba t\u00edtulo na carreira, superando a marca de Pel\u00e9 (37).<\/p>\n<p>Somente com o PSG, Dani Alves j\u00e1 conquistou quatro trof\u00e9us desde que chegou ao clube, na temporada passada. Ele participou das conquistas da Supercopa da Fran\u00e7a (2017), do Campeonato Franc\u00eas (2017\/18) e da Copa da Liga Francesa (2017\/18) e da Copa da Fran\u00e7a (2017\/18).<\/p>\n<p><strong>CARIRI EM A\u00c7\u00c3O<\/strong><\/p>\n<p><em>Com R7\/Foto: R7<\/em><\/p>\n<p><strong>Leia mais not\u00edcias em\u00a0<\/strong><a href=\"http:\/\/www.caririemacao.com\/\"><strong>caririemacao.com<\/strong><\/a><strong>, siga nossa p\u00e1gina no\u00a0<\/strong><a href=\"https:\/\/www.facebook.com\/CaririEmAcao\/?ref=aymt_homepage_panel\"><strong>Facebook<\/strong><\/a>,<strong>\u00a0<\/strong><a href=\"https:\/\/www.instagram.com\/cariri_em_acao\/?hl=pt-br\"><strong>Instagram<\/strong><\/a><strong>\u00a0e\u00a0<\/strong><a href=\"https:\/\/www.youtube.com\/channel\/UCAptA0jQuYQy8vMhLt2m4qg\"><strong>Youtube<\/strong><\/a><strong>\u00a0e veja nossas mat\u00e9rias, v\u00eddeos e fotos. Voc\u00ea tamb\u00e9m pode enviar informa\u00e7\u00f5es \u00e0 Reda\u00e7\u00e3o do Portal Cariri em A\u00e7\u00e3o pelo WhatsApp (83) 9 9634.5791, (83) 9 9601-1162.<\/strong><\/p>\n","protected":false},"excerpt":{"rendered":"<p>O lateral-direito Daniel Alves virou motivo de preocupa\u00e7\u00e3o da comiss\u00e3o t\u00e9cnica da sele\u00e7\u00e3o brasileira a menos de 40 dias da Copa da R\u00fassia. O jogador&hellip; <\/p>\n","protected":false},"author":2,"featured_media":50443,"comment_status":"closed","ping_status":"closed","sticky":false,"template":"","format":"standard","meta":{"sfsi_plus_gutenberg_text_before_share":"","sfsi_plus_gutenberg_show_text_before_share":"","sfsi_plus_gutenberg_icon_type":"","sfsi_plus_gutenberg_icon_alignemt":"","sfsi_plus_gutenburg_max_per_row":"","footnotes":""},"categories":[13],"tags":[],"class_list":["post-50442","post","type-post","status-publish","format-standard","has-post-thumbnail","hentry","category-esportes"],"_links":{"self":[{"href":"https:\/\/www.caririemacao.com\/1\/wp-json\/wp\/v2\/posts\/50442","targetHints":{"allow":["GET"]}}],"collection":[{"href":"https:\/\/www.caririemacao.com\/1\/wp-json\/wp\/v2\/posts"}],"about":[{"href":"https:\/\/www.caririemacao.com\/1\/wp-json\/wp\/v2\/types\/post"}],"author":[{"embeddable":true,"href":"https:\/\/www.caririemacao.com\/1\/wp-json\/wp\/v2\/users\/2"}],"replies":[{"embeddable":true,"href":"https:\/\/www.caririemacao.com\/1\/wp-json\/wp\/v2\/comments?post=50442"}],"version-history":[{"count":0,"href":"https:\/\/www.caririemacao.com\/1\/wp-json\/wp\/v2\/posts\/50442\/revisions"}],"wp:featuredmedia":[{"embeddable":true,"href":"https:\/\/www.caririemacao.com\/1\/wp-json\/wp\/v2\/media\/50443"}],"wp:attachment":[{"href":"https:\/\/www.caririemacao.com\/1\/wp-json\/wp\/v2\/media?parent=50442"}],"wp:term":[{"taxonomy":"category","embeddable":true,"href":"https:\/\/www.caririemacao.com\/1\/wp-json\/wp\/v2\/categories?post=50442"},{"taxonomy":"post_tag","embeddable":true,"href":"https:\/\/www.caririemacao.com\/1\/wp-json\/wp\/v2\/tags?post=50442"}],"curies":[{"name":"wp","href":"https:\/\/api.w.org\/{rel}","templated":true}]}}