{"id":50445,"date":"2018-05-09T09:50:23","date_gmt":"2018-05-09T12:50:23","guid":{"rendered":"http:\/\/caririemacao.com\/1\/?p=50445"},"modified":"2018-05-09T09:50:23","modified_gmt":"2018-05-09T12:50:23","slug":"saida-de-barbosa-permite-alianca-do-psb-com-pt-em-cinco-estados-inclusive-pb","status":"publish","type":"post","link":"https:\/\/www.caririemacao.com\/1\/2018\/05\/09\/saida-de-barbosa-permite-alianca-do-psb-com-pt-em-cinco-estados-inclusive-pb\/","title":{"rendered":"Saida de Barbosa permite alian\u00e7a do PSB com PT em cinco Estados, inclusive PB"},"content":{"rendered":"<p>A desist\u00eancia do ex-ministro do Supremo Tribunal Federal Joaquim Barbosa na corrida presidencial desencadeou a reabertura das negocia\u00e7\u00f5es entre PT e PSB. Em pelo menos cinco estados, inclusive a Paraiba, os partidos destravaram as conversas e o cen\u00e1rio agora \u00e9 favor\u00e1vel, informa o colunista d\u2019O Globo Lauro Jardim.<\/p>\n<p>A dificuldade com Barbosa no cen\u00e1rio era convencer a milit\u00e2ncia petista a se aliar com o partido que abrigaria o algoz de Lula no mensal\u00e3o. Essa dificuldade n\u00e3o existe mais.<\/p>\n<p>Fernando Haddad e Gleisi Hoffmann retomar\u00e3o as conversas para fechar coliga\u00e7\u00e3o com os socialistas pelo menos em Minas, Bahia, Para\u00edba, Piau\u00ed e, o mais emblem\u00e1tico, Pernambuco.<\/p>\n<p>Na Paraiba, o diretoriano do PT, Rodrigo Soares, j\u00e1 disse isso.<\/p>\n<p><strong>CARIRI EM A\u00c7\u00c3O<\/strong><\/p>\n<p><em>Com Wscom\/Foto: Reprodu\u00e7\u00e3o google<\/em><\/p>\n<p><strong>Leia mais not\u00edcias em\u00a0<\/strong><a href=\"http:\/\/www.caririemacao.com\/\"><strong>caririemacao.com<\/strong><\/a><strong>, siga nossa p\u00e1gina no\u00a0<\/strong><a href=\"https:\/\/www.facebook.com\/CaririEmAcao\/?ref=aymt_homepage_panel\"><strong>Facebook<\/strong><\/a>,<strong>\u00a0<\/strong><a href=\"https:\/\/www.instagram.com\/cariri_em_acao\/?hl=pt-br\"><strong>Instagram<\/strong><\/a><strong>\u00a0e\u00a0<\/strong><a href=\"https:\/\/www.youtube.com\/channel\/UCAptA0jQuYQy8vMhLt2m4qg\"><strong>Youtube<\/strong><\/a><strong>\u00a0e veja nossas mat\u00e9rias, v\u00eddeos e fotos. Voc\u00ea tamb\u00e9m pode enviar informa\u00e7\u00f5es \u00e0 Reda\u00e7\u00e3o do Portal Cariri em A\u00e7\u00e3o pelo WhatsApp (83) 9 9634.5791, (83) 9 9601-1162.<\/strong><\/p>\n","protected":false},"excerpt":{"rendered":"<p>A desist\u00eancia do ex-ministro do Supremo Tribunal Federal Joaquim Barbosa na corrida presidencial desencadeou a reabertura das negocia\u00e7\u00f5es entre PT e PSB. Em pelo menos&hellip; <\/p>\n","protected":false},"author":2,"featured_media":50446,"comment_status":"closed","ping_status":"closed","sticky":false,"template":"","format":"standard","meta":{"sfsi_plus_gutenberg_text_before_share":"","sfsi_plus_gutenberg_show_text_before_share":"","sfsi_plus_gutenberg_icon_type":"","sfsi_plus_gutenberg_icon_alignemt":"","sfsi_plus_gutenburg_max_per_row":"","footnotes":""},"categories":[2],"tags":[],"class_list":["post-50445","post","type-post","status-publish","format-standard","has-post-thumbnail","hentry","category-geral"],"_links":{"self":[{"href":"https:\/\/www.caririemacao.com\/1\/wp-json\/wp\/v2\/posts\/50445","targetHints":{"allow":["GET"]}}],"collection":[{"href":"https:\/\/www.caririemacao.com\/1\/wp-json\/wp\/v2\/posts"}],"about":[{"href":"https:\/\/www.caririemacao.com\/1\/wp-json\/wp\/v2\/types\/post"}],"author":[{"embeddable":true,"href":"https:\/\/www.caririemacao.com\/1\/wp-json\/wp\/v2\/users\/2"}],"replies":[{"embeddable":true,"href":"https:\/\/www.caririemacao.com\/1\/wp-json\/wp\/v2\/comments?post=50445"}],"version-history":[{"count":0,"href":"https:\/\/www.caririemacao.com\/1\/wp-json\/wp\/v2\/posts\/50445\/revisions"}],"wp:featuredmedia":[{"embeddable":true,"href":"https:\/\/www.caririemacao.com\/1\/wp-json\/wp\/v2\/media\/50446"}],"wp:attachment":[{"href":"https:\/\/www.caririemacao.com\/1\/wp-json\/wp\/v2\/media?parent=50445"}],"wp:term":[{"taxonomy":"category","embeddable":true,"href":"https:\/\/www.caririemacao.com\/1\/wp-json\/wp\/v2\/categories?post=50445"},{"taxonomy":"post_tag","embeddable":true,"href":"https:\/\/www.caririemacao.com\/1\/wp-json\/wp\/v2\/tags?post=50445"}],"curies":[{"name":"wp","href":"https:\/\/api.w.org\/{rel}","templated":true}]}}