{"id":50456,"date":"2018-05-09T21:28:41","date_gmt":"2018-05-10T00:28:41","guid":{"rendered":"http:\/\/caririemacao.com\/1\/?p=50456"},"modified":"2018-05-09T21:45:18","modified_gmt":"2018-05-10T00:45:18","slug":"prefeitura-de-sume-lanca-edital-para-selecao-de-assistentes-para-o-mais-alfabetizacao","status":"publish","type":"post","link":"https:\/\/www.caririemacao.com\/1\/2018\/05\/09\/prefeitura-de-sume-lanca-edital-para-selecao-de-assistentes-para-o-mais-alfabetizacao\/","title":{"rendered":"Prefeitura de Sum\u00e9 lan\u00e7a edital para sele\u00e7\u00e3o de assistentes para o mais alfabetiza\u00e7\u00e3o"},"content":{"rendered":"<p>A Secretaria de Educa\u00e7\u00e3o de Sum\u00e9 torna p\u00fablico o edital para a sele\u00e7\u00e3o e constitui\u00e7\u00e3o do banco de 15 Assistentes de Alfabetiza\u00e7\u00e3o volunt\u00e1rios para o Programa Mais Alfabetiza\u00e7\u00e3o, institu\u00eddo pela Portaria n\u00ba 142, de 22 de fevereiro de 2018.<\/p>\n<p>O Programa Mais Alfabetiza\u00e7\u00e3o tem o objetivo de fortalecer e apoiar as unidades escolares no processo de alfabetiza\u00e7\u00e3o, para fins de leitura, escrita e matem\u00e1tica, dos estudantes entre as s\u00e9ries de 1\u00ba e 2\u00ba anodo ensino fundamental.<\/p>\n<p>A sele\u00e7\u00e3o destina-se ao preenchimento de vagas para Assistentes de Alfabetiza\u00e7\u00e3o volunt\u00e1rios do Programa Mais Alfabetiza\u00e7\u00e3o no \u00e2mbito do Munic\u00edpio de Sum\u00e9 &#8211; PB, a serem distribu\u00eddas nas escolas p\u00fablicas urbanas e do campo.<\/p>\n<p>Ser\u00e3o considerados os Seguintes Crit\u00e9rios para a Sele\u00e7\u00e3o de Assistentes de Alfabetiza\u00e7\u00e3o volunt\u00e1rios:<\/p>\n<p>Ser brasileiro;<\/p>\n<ul>\n<li>Ter a idade m\u00ednima de 18 (dezoito) anos, no ato da inscri\u00e7\u00e3o;<\/li>\n<li>Ter, no m\u00ednimo, forma\u00e7\u00e3o de n\u00edvel m\u00e9dio completo;<\/li>\n<li>Possuir curso e\/ou habilidade na atividade de apoio \u00e0 doc\u00eancia.<\/li>\n<\/ul>\n<p>O Processo Seletivo Simplificado para Assistentes de Alfabetiza\u00e7\u00e3o volunt\u00e1rios ser\u00e1 executado pela Secretaria Municipal de Educa\u00e7\u00e3o de Sum\u00e9-PB, com a participa\u00e7\u00e3o da Comiss\u00e3o de Inscri\u00e7\u00e3o e Avalia\u00e7\u00e3o.<\/p>\n<p>Poder\u00e3o participar do processo seletivo candidatos com o seguinte PERFIL:<\/p>\n<ol>\n<li>Professores alfabetizadores das redes com disponibilidade de carga hor\u00e1ria; Professores das redes com disponibilidade de carga hor\u00e1ria;<\/li>\n<li>\u00a0Estudantes de gradua\u00e7\u00e3o preferencialmente em pedagogia ou licenciatura;<\/li>\n<li>Profissionais com curso de magist\u00e9rio em n\u00edvel m\u00e9dio;<\/li>\n<li>Estudantes de cursos t\u00e9cnicos dos institutos federais e\/ou das universidades p\u00fablicas e\/ou particulares;<\/li>\n<li>Pessoas com conhecimento comprovado na \u00e1rea de apoio \u00e0 doc\u00eancia, preferencialmente em alfabetiza\u00e7\u00e3o.<\/li>\n<\/ol>\n<p>A sele\u00e7\u00e3o se dar\u00e1 por uma \u00fanica etapa classificat\u00f3ria e eliminat\u00f3ria, realizada atrav\u00e9s da an\u00e1lise de <em>Curriculum<\/em> e entrevista, cuja pontua\u00e7\u00e3o m\u00e1xima ser\u00e1 10 (dez) pontos de acordo com o Anexo III deste Edital.<\/p>\n<p>Os Assistentes de Alfabetiza\u00e7\u00e3o das escolas receber\u00e3o uma bolsa no valor de R$ 150,00 (cento e cinquenta reais) por m\u00eas, se optarem por uma turma considerada n\u00e3o vulner\u00e1vel e R$ 300,00 (trezentos reais) se optarem por uma turma considerada vulner\u00e1vel, dividida em 2 (duas) horas di\u00e1rias de Segunda a Sexta, definida pela gest\u00e3o das escolas e hor\u00e1rio de funcionamento da turma que ir\u00e1 assistir.<\/p>\n<p>As inscri\u00e7\u00f5es ser\u00e3o efetuadas no Audit\u00f3rioda Secretaria Municipal de Educa\u00e7\u00e3o,localizada na Avenida 1\u00ba de Abril, 1\u00ba Andar, Centro, Sum\u00e9, Para\u00edba, entre os dias <strong>09 e 10 <\/strong>de maio de 2018, no hor\u00e1rio das 8h \u00e0s 13h.<\/p>\n<p><a href=\"http:\/\/caririemacao.com\/1\/wp-content\/uploads\/2018\/05\/EDI\u00c7\u00c3O-08-DE-MAIO-2018.pdf\">CONFIRA O EDITAL NA EDI\u00c7\u00c3O DO BOLETIM OFICIAL DO MUNIC\u00cdPIO: CLICK AQUI<\/a><\/p>\n<p><strong>CARIRI EM A\u00c7\u00c3O<\/strong><\/p>\n<p><em>Com\u00a0<\/em>Ascom\/PMS<em>\u00a0\/Foto: Cariri em A\u00e7\u00e3o\u00a0<\/em><\/p>\n<p><strong>Leia mais not\u00edcias em\u00a0<\/strong><a href=\"http:\/\/www.caririemacao.com\/\"><strong>caririemacao.com<\/strong><\/a><strong>, siga nossa p\u00e1gina no\u00a0<\/strong><a href=\"https:\/\/www.facebook.com\/CaririEmAcao\/?ref=aymt_homepage_panel\"><strong>Facebook<\/strong><\/a>,<strong>\u00a0<\/strong><a href=\"https:\/\/www.instagram.com\/cariri_em_acao\/?hl=pt-br\"><strong>Instagram<\/strong><\/a><strong>\u00a0e <\/strong><a href=\"https:\/\/www.youtube.com\/channel\/UCAptA0jQuYQy8vMhLt2m4qg\"><strong>Youtube<\/strong><\/a><strong>\u00a0e veja nossas mat\u00e9rias, v\u00eddeos e fotos. Voc\u00ea tamb\u00e9m pode enviar informa\u00e7\u00f5es \u00e0 Reda\u00e7\u00e3o do Portal Cariri em A\u00e7\u00e3o pelo WhatsApp (83) 9 9634.5791, (83) 9 9601-1162.<\/strong><\/p>\n","protected":false},"excerpt":{"rendered":"<p>A Secretaria de Educa\u00e7\u00e3o de Sum\u00e9 torna p\u00fablico o edital para a sele\u00e7\u00e3o e constitui\u00e7\u00e3o do banco de 15 Assistentes de Alfabetiza\u00e7\u00e3o volunt\u00e1rios para o&hellip; <\/p>\n","protected":false},"author":2,"featured_media":47456,"comment_status":"closed","ping_status":"closed","sticky":false,"template":"","format":"standard","meta":{"sfsi_plus_gutenberg_text_before_share":"","sfsi_plus_gutenberg_show_text_before_share":"","sfsi_plus_gutenberg_icon_type":"","sfsi_plus_gutenberg_icon_alignemt":"","sfsi_plus_gutenburg_max_per_row":"","footnotes":""},"categories":[6],"tags":[],"class_list":["post-50456","post","type-post","status-publish","format-standard","has-post-thumbnail","hentry","category-cidades"],"_links":{"self":[{"href":"https:\/\/www.caririemacao.com\/1\/wp-json\/wp\/v2\/posts\/50456","targetHints":{"allow":["GET"]}}],"collection":[{"href":"https:\/\/www.caririemacao.com\/1\/wp-json\/wp\/v2\/posts"}],"about":[{"href":"https:\/\/www.caririemacao.com\/1\/wp-json\/wp\/v2\/types\/post"}],"author":[{"embeddable":true,"href":"https:\/\/www.caririemacao.com\/1\/wp-json\/wp\/v2\/users\/2"}],"replies":[{"embeddable":true,"href":"https:\/\/www.caririemacao.com\/1\/wp-json\/wp\/v2\/comments?post=50456"}],"version-history":[{"count":0,"href":"https:\/\/www.caririemacao.com\/1\/wp-json\/wp\/v2\/posts\/50456\/revisions"}],"wp:featuredmedia":[{"embeddable":true,"href":"https:\/\/www.caririemacao.com\/1\/wp-json\/wp\/v2\/media\/47456"}],"wp:attachment":[{"href":"https:\/\/www.caririemacao.com\/1\/wp-json\/wp\/v2\/media?parent=50456"}],"wp:term":[{"taxonomy":"category","embeddable":true,"href":"https:\/\/www.caririemacao.com\/1\/wp-json\/wp\/v2\/categories?post=50456"},{"taxonomy":"post_tag","embeddable":true,"href":"https:\/\/www.caririemacao.com\/1\/wp-json\/wp\/v2\/tags?post=50456"}],"curies":[{"name":"wp","href":"https:\/\/api.w.org\/{rel}","templated":true}]}}